{"id":2639,"date":"2023-04-27T14:19:19","date_gmt":"2023-04-27T14:19:19","guid":{"rendered":"https:\/\/carloszawitoski.com.br\/blog\/?p=2639"},"modified":"2023-04-27T14:22:10","modified_gmt":"2023-04-27T14:22:10","slug":"pericia-medica-trabalhista-em-sao-paulo-qual-empresa-escolher","status":"publish","type":"post","link":"https:\/\/www.carloszawitoski.com.br\/blog\/pericia-medica-trabalhista-em-sao-paulo-qual-empresa-escolher\/","title":{"rendered":"Per\u00edcia m\u00e9dica trabalhista em S\u00e3o Paulo: qual empresa escolher?"},"content":{"rendered":"<span class=\"rt-reading-time\" style=\"display: block;\"><span class=\"rt-label rt-prefix\">Tempo de leitura<\/span> <span class=\"rt-time\">3<\/span> <span class=\"rt-label rt-postfix\">minutos<\/span><\/span><p><b><i>Procurando uma empresa de per\u00edcia m\u00e9dica trabalhista em S\u00e3o Paulo? Conhe\u00e7a a Carlos Zawitoski.<\/i><\/b><\/p>\n<p><span style=\"font-weight: 400;\">Normalmente realizada quando um trabalhador alega que as suas condi\u00e7\u00f5es de trabalho foram as causas do<img decoding=\"async\" loading=\"lazy\" class=\"alignright wp-image-2641 size-medium\" src=\"http:\/\/carloszawitoski.com.br\/blog\/wp-content\/uploads\/2023\/04\/istock-926152600_24951_img-1-300x150.jpg\" alt=\"Per\u00edcia m\u00e9dica trabalhista em S\u00e3o Paulo: qual empresa escolher?\n\" width=\"300\" height=\"150\" srcset=\"https:\/\/www.carloszawitoski.com.br\/blog\/wp-content\/uploads\/2023\/04\/istock-926152600_24951_img-1-300x150.jpg 300w, https:\/\/www.carloszawitoski.com.br\/blog\/wp-content\/uploads\/2023\/04\/istock-926152600_24951_img-1-1024x512.jpg 1024w, https:\/\/www.carloszawitoski.com.br\/blog\/wp-content\/uploads\/2023\/04\/istock-926152600_24951_img-1-768x384.jpg 768w, https:\/\/www.carloszawitoski.com.br\/blog\/wp-content\/uploads\/2023\/04\/istock-926152600_24951_img-1-1536x768.jpg 1536w, https:\/\/www.carloszawitoski.com.br\/blog\/wp-content\/uploads\/2023\/04\/istock-926152600_24951_img-1.jpg 2000w\" sizes=\"(max-width: 300px) 100vw, 300px\" \/> surgimento de uma doen\u00e7a ou acidente, a per\u00edcia m\u00e9dica trabalhista torna-se um dos <\/span><span style=\"font-weight: 400;\">instrumentos essenciais para comprovar os fatos em um processo jur\u00eddico.<\/span><\/p>\n<p><span style=\"font-weight: 400;\">Para garantir que todas as informa\u00e7\u00f5es necess\u00e1rias para sustentar o lit\u00edgio foram reunidas, \u00e9 extremamente importante contratar uma empresa especializada no segmento e que possua ampla experi\u00eancia na elabora\u00e7\u00e3o da per\u00edcia m\u00e9dica trabalhista em S\u00e3o Paulo.<\/span><\/p>\n<p><span style=\"font-weight: 400;\">Se voc\u00ea deseja acertar na hora de escolher a sua empresa de per\u00edcia m\u00e9dica em S\u00e3o Paulo, n\u00e3o deixe de ler esse conte\u00fado at\u00e9 o final. Aproveite!<\/span><\/p>\n<div id=\"ez-toc-container\" class=\"ez-toc-v2_0_68_1 counter-hierarchy ez-toc-counter ez-toc-white ez-toc-container-direction\">\n<div class=\"ez-toc-title-container\">\n<p class=\"ez-toc-title \" >LISTA DE T&Oacute;PICOS<\/p>\n<span class=\"ez-toc-title-toggle\"><a href=\"#\" class=\"ez-toc-pull-right ez-toc-btn ez-toc-btn-xs ez-toc-btn-default ez-toc-toggle\" aria-label=\"Toggle Table of Content\"><span class=\"ez-toc-js-icon-con\"><span class=\"\"><span class=\"eztoc-hide\" style=\"display:none;\">Toggle<\/span><span class=\"ez-toc-icon-toggle-span\"><svg style=\"fill: #999;color:#999\" xmlns=\"http:\/\/www.w3.org\/2000\/svg\" class=\"list-377408\" width=\"20px\" height=\"20px\" viewBox=\"0 0 24 24\" fill=\"none\"><path d=\"M6 6H4v2h2V6zm14 0H8v2h12V6zM4 11h2v2H4v-2zm16 0H8v2h12v-2zM4 16h2v2H4v-2zm16 0H8v2h12v-2z\" fill=\"currentColor\"><\/path><\/svg><svg style=\"fill: #999;color:#999\" class=\"arrow-unsorted-368013\" xmlns=\"http:\/\/www.w3.org\/2000\/svg\" width=\"10px\" height=\"10px\" viewBox=\"0 0 24 24\" version=\"1.2\" baseProfile=\"tiny\"><path d=\"M18.2 9.3l-6.2-6.3-6.2 6.3c-.2.2-.3.4-.3.7s.1.5.3.7c.2.2.4.3.7.3h11c.3 0 .5-.1.7-.3.2-.2.3-.5.3-.7s-.1-.5-.3-.7zM5.8 14.7l6.2 6.3 6.2-6.3c.2-.2.3-.5.3-.7s-.1-.5-.3-.7c-.2-.2-.4-.3-.7-.3h-11c-.3 0-.5.1-.7.3-.2.2-.3.5-.3.7s.1.5.3.7z\"\/><\/svg><\/span><\/span><\/span><\/a><\/span><\/div>\n<nav><ul class='ez-toc-list ez-toc-list-level-1 ' ><li class='ez-toc-page-1 ez-toc-heading-level-2'><a class=\"ez-toc-link ez-toc-heading-1\" href=\"https:\/\/www.carloszawitoski.com.br\/blog\/pericia-medica-trabalhista-em-sao-paulo-qual-empresa-escolher\/#O_que_e_e_como_e_feita_a_pericia_medica_trabalhista\" title=\"O que \u00e9 e como \u00e9 feita a per\u00edcia m\u00e9dica trabalhista?\">O que \u00e9 e como \u00e9 feita a per\u00edcia m\u00e9dica trabalhista?<\/a><\/li><li class='ez-toc-page-1 ez-toc-heading-level-2'><a class=\"ez-toc-link ez-toc-heading-2\" href=\"https:\/\/www.carloszawitoski.com.br\/blog\/pericia-medica-trabalhista-em-sao-paulo-qual-empresa-escolher\/#Mas_afinal_qual_a_importancia_da_pericia_medica_trabalhista\" title=\"Mas afinal, qual a import\u00e2ncia da per\u00edcia m\u00e9dica trabalhista?\">Mas afinal, qual a import\u00e2ncia da per\u00edcia m\u00e9dica trabalhista?<\/a><\/li><li class='ez-toc-page-1 ez-toc-heading-level-2'><a class=\"ez-toc-link ez-toc-heading-3\" href=\"https:\/\/www.carloszawitoski.com.br\/blog\/pericia-medica-trabalhista-em-sao-paulo-qual-empresa-escolher\/#Qual_empresa_de_pericia_medica_trabalhista_em_Sao_Paulo_escolher\" title=\"Qual empresa de per\u00edcia m\u00e9dica trabalhista em S\u00e3o Paulo escolher?\">Qual empresa de per\u00edcia m\u00e9dica trabalhista em S\u00e3o Paulo escolher?<\/a><\/li><li class='ez-toc-page-1 ez-toc-heading-level-2'><a class=\"ez-toc-link ez-toc-heading-4\" href=\"https:\/\/www.carloszawitoski.com.br\/blog\/pericia-medica-trabalhista-em-sao-paulo-qual-empresa-escolher\/#Entre_em_contato_com_a_Carlos_Zawitoski_e_agende_a_sua_pericia_medica_trabalhista\" title=\"Entre em contato com a Carlos Zawitoski e agende a sua per\u00edcia m\u00e9dica trabalhista!\">Entre em contato com a Carlos Zawitoski e agende a sua per\u00edcia m\u00e9dica trabalhista!<\/a><\/li><\/ul><\/nav><\/div>\n<h2><span class=\"ez-toc-section\" id=\"O_que_e_e_como_e_feita_a_pericia_medica_trabalhista\"><\/span><span style=\"font-weight: 400;\">O que \u00e9 e como \u00e9 feita a per\u00edcia m\u00e9dica trabalhista?<\/span><span class=\"ez-toc-section-end\"><\/span><\/h2>\n<p><span style=\"font-weight: 400;\">As per\u00edcias m\u00e9dicas trabalhistas &#8211; tanto de <\/span><b>insalubridade<\/b><span style=\"font-weight: 400;\"> (mal cont\u00ednuo) quanto de <\/span><b>periculosidade<\/b><span style=\"font-weight: 400;\"> (atividade de risco) &#8211; s\u00e3o procedimentos que determinam o pagamento ou n\u00e3o, por parte da empresa, de valores adicionais conforme a fun\u00e7\u00e3o dos trabalhadores.<\/span><\/p>\n<p><span style=\"font-weight: 400;\">Como s\u00e3o atividades que exp\u00f5em o funcion\u00e1rio a certo grau de risco ou perigo, elas devem ser <\/span><b>melhor remuneradas<\/b><span style=\"font-weight: 400;\">, segundo as normas regulamentadas pela CLT (Consolida\u00e7\u00e3o das Leis do Trabalho).<\/span><\/p>\n<p><span style=\"font-weight: 400;\">Durante a per\u00edcia, todas as condi\u00e7\u00f5es de trabalho referentes \u00e0 atividade do periciado s\u00e3o avaliadas e relatadas pelo M\u00e9dico Perito, para que sejam posteriormente apresentadas ao juiz por meio de um Laudo T\u00e9cnico.<\/span><\/p>\n<h2><span class=\"ez-toc-section\" id=\"Mas_afinal_qual_a_importancia_da_pericia_medica_trabalhista\"><\/span><span style=\"font-weight: 400;\">Mas afinal, qual a import\u00e2ncia da per\u00edcia m\u00e9dica trabalhista?<\/span><span class=\"ez-toc-section-end\"><\/span><\/h2>\n<p><span style=\"font-weight: 400;\">Sua import\u00e2ncia nos processos jur\u00eddicos deve-se ao fato de poder esclarecer controv\u00e9rsias que n\u00e3o tenham sido comprovadas por documentos ou at\u00e9 mesmo, quando existem algumas d\u00favidas sobre a legitimidade das informa\u00e7\u00f5es dispon\u00edveis.<\/span><\/p>\n<h2><span class=\"ez-toc-section\" id=\"Qual_empresa_de_pericia_medica_trabalhista_em_Sao_Paulo_escolher\"><\/span><span style=\"font-weight: 400;\">Qual empresa de per\u00edcia m\u00e9dica trabalhista em S\u00e3o Paulo escolher?<\/span><span class=\"ez-toc-section-end\"><\/span><\/h2>\n<p><span style=\"font-weight: 400;\">Se voc\u00ea est\u00e1 em busca de uma empresa especializada e totalmente comprometida em garantir a assertividade das per\u00edcias m\u00e9dicas trabalhistas dos seus pacientes, a <\/span><a href=\"https:\/\/www.carloszawitoski.com.br\/home\"><span style=\"font-weight: 400;\">Carlos Zawitoski<\/span><\/a><span style=\"font-weight: 400;\"> \u00e9 a escolha certa.<\/span><\/p>\n<p><span style=\"font-weight: 400;\">Com anos de experi\u00eancia no segmento, a <\/span><a href=\"https:\/\/www.carloszawitoski.com.br\/home\"><span style=\"font-weight: 400;\">Carlos Zawitoski<\/span><\/a><span style=\"font-weight: 400;\"> presta eficientemente o servi\u00e7o de assessoria e assist\u00eancia t\u00e9cnica em per\u00edcias m\u00e9dicas e t\u00e9cnicas, de maneira especializada e eficaz.<\/span><\/p>\n<p><span style=\"font-weight: 400;\">Para garantir ainda mais assertividade nos processos jur\u00eddicos, a empresa disp\u00f5e de uma equipe qualificada e legalmente habilitada de engenheiros e m\u00e9dicos que acompanham minuciosamente cada etapa do servi\u00e7o.<\/span><\/p>\n<p><span style=\"font-weight: 400;\">Vale ressaltar, que gra\u00e7as \u00e0 sua abrang\u00eancia nacional, a Carlos Zawitoski presta o servi\u00e7o de assist\u00eancia m\u00e9dica pericial para todo o territ\u00f3rio brasileiro.<\/span><\/p>\n<h2><span class=\"ez-toc-section\" id=\"Entre_em_contato_com_a_Carlos_Zawitoski_e_agende_a_sua_pericia_medica_trabalhista\"><\/span><span style=\"font-weight: 400;\">Entre em contato com a Carlos Zawitoski e agende a sua per\u00edcia m\u00e9dica trabalhista!<\/span><span class=\"ez-toc-section-end\"><\/span><\/h2>\n<p><span style=\"font-weight: 400;\">Agora que voc\u00ea j\u00e1 conhece todos os servi\u00e7os e diferenciais da Carlos Zawitoski, chegou o momento de agendar a sua per\u00edcia m\u00e9dica trabalhista conosco.<\/span><\/p>\n<p><span style=\"font-weight: 400;\">Para isso, basta encaminhar uma mensagem e texto para o nosso <\/span><a href=\"https:\/\/api.whatsapp.com\/send?phone=5511990002828\"><span style=\"font-weight: 400;\">WhatsApp (11) 99000-2828<\/span><\/a><span style=\"font-weight: 400;\"> ou telefonar para o n\u00famero<\/span><b> (11) 3722-2678.<\/b><\/p>\n<p><img decoding=\"async\" loading=\"lazy\" class=\"aligncenter wp-image-2642 size-medium\" src=\"http:\/\/carloszawitoski.com.br\/blog\/wp-content\/uploads\/2023\/04\/atuacao-etica-do-perito-judicial-ao-avaliar-o-erro-medico-1-300x200.jpg\" alt=\"Per\u00edcia m\u00e9dica trabalhista em S\u00e3o Paulo: qual empresa escolher?\n\" width=\"300\" height=\"200\" srcset=\"https:\/\/www.carloszawitoski.com.br\/blog\/wp-content\/uploads\/2023\/04\/atuacao-etica-do-perito-judicial-ao-avaliar-o-erro-medico-1-300x200.jpg 300w, https:\/\/www.carloszawitoski.com.br\/blog\/wp-content\/uploads\/2023\/04\/atuacao-etica-do-perito-judicial-ao-avaliar-o-erro-medico-1-768x513.jpg 768w, https:\/\/www.carloszawitoski.com.br\/blog\/wp-content\/uploads\/2023\/04\/atuacao-etica-do-perito-judicial-ao-avaliar-o-erro-medico-1.jpg 800w\" sizes=\"(max-width: 300px) 100vw, 300px\" \/><\/p>\n<p><span style=\"font-weight: 400;\">Gostou de aprender onde encontrar uma empresa de per\u00edcia m\u00e9dica trabalhista em S\u00e3o Paulo? Aproveite e confira outros conte\u00fados em destaque no blog da Carlos Zawitoski:<\/span><\/p>\n<ul>\n<li style=\"font-weight: 400;\" aria-level=\"1\"><a href=\"https:\/\/carloszawitoski.com.br\/blog\/especialista-em-laudo-pericial-ortopedia-em-sao-paulo-saiba-onde-encontrar\/\"><span style=\"font-weight: 400;\">Especialista em laudo pericial ortopedia em S\u00e3o Paulo: saiba onde encontrar<\/span><\/a><\/li>\n<li style=\"font-weight: 400;\" aria-level=\"1\"><a href=\"https:\/\/carloszawitoski.com.br\/blog\/medico-perito-onde-encontrar-e-qual-a-sua-importancia-nos-processos\/\"><span style=\"font-weight: 400;\">M\u00e9dico perito: onde encontrar e qual a sua import\u00e2ncia nos processos?<\/span><\/a><\/li>\n<li style=\"font-weight: 400;\" aria-level=\"1\"><a href=\"https:\/\/carloszawitoski.com.br\/blog\/onde-encontrar-um-medico-perito-ortopedista-em-sao-paulo\/\"><span style=\"font-weight: 400;\">Onde encontrar um m\u00e9dico perito ortopedista em S\u00e3o Paulo?<\/span><\/a><\/li>\n<\/ul>\n<p><span style=\"font-weight: 400;\">Deixe a sua d\u00favida, opini\u00e3o ou sugest\u00e3o de conte\u00fados na aba de coment\u00e1rios abaixo. <\/span><b>At\u00e9 a pr\u00f3xima!<\/b><\/p>\n","protected":false},"excerpt":{"rendered":"<p><span class=\"rt-reading-time\" style=\"display: block;\"><span class=\"rt-label rt-prefix\">Tempo de leitura<\/span> <span class=\"rt-time\">3<\/span> <span class=\"rt-label rt-postfix\">minutos<\/span><\/span> Procurando uma empresa de per\u00edcia m\u00e9dica trabalhista em S\u00e3o Paulo? Conhe\u00e7a a Carlos Zawitoski. Normalmente realizada quando um trabalhador alega que as suas condi\u00e7\u00f5es de trabalho foram as causas do surgimento de uma doen\u00e7a ou acidente, a per\u00edcia m\u00e9dica trabalhista&#8230;<\/p>\n","protected":false},"author":1,"featured_media":2640,"comment_status":"open","ping_status":"open","sticky":false,"template":"","format":"standard","meta":[],"categories":[413],"tags":[432,427,422,442,437,417,415,414,140,222,416,430,425,420,429,424,419,439,434,440,435,170,160,319,310,301,337,328,150,179,169,159,198,188,189,180,428,423,431,426,421,441,436,418,438,433],"yoast_head":"<!-- This site is optimized with the Yoast SEO plugin v20.4 - https:\/\/yoast.com\/wordpress\/plugins\/seo\/ -->\n<title>Per\u00edcia m\u00e9dica trabalhista em S\u00e3o Paulo: qual empresa escolher? - Carlos Zawitoski<\/title>\n<meta name=\"description\" content=\"Procurando uma empresa de per\u00edcia m\u00e9dica trabalhista em S\u00e3o Paulo? Conhe\u00e7a a Carlos Zawitoski e sua equipe.\" \/>\n<meta name=\"robots\" content=\"index, follow, max-snippet:-1, max-image-preview:large, max-video-preview:-1\" \/>\n<link rel=\"canonical\" href=\"https:\/\/www.carloszawitoski.com.br\/blog\/pericia-medica-trabalhista-em-sao-paulo-qual-empresa-escolher\/\" \/>\n<meta property=\"og:locale\" content=\"pt_BR\" \/>\n<meta property=\"og:type\" content=\"article\" \/>\n<meta property=\"og:title\" content=\"Per\u00edcia m\u00e9dica trabalhista em S\u00e3o Paulo: qual empresa escolher? - Carlos Zawitoski\" \/>\n<meta property=\"og:description\" content=\"Procurando uma empresa de per\u00edcia m\u00e9dica trabalhista em S\u00e3o Paulo? Conhe\u00e7a a Carlos Zawitoski e sua equipe.\" \/>\n<meta property=\"og:url\" content=\"https:\/\/www.carloszawitoski.com.br\/blog\/pericia-medica-trabalhista-em-sao-paulo-qual-empresa-escolher\/\" \/>\n<meta property=\"og:site_name\" content=\"Carlos Zawitoski\" \/>\n<meta property=\"article:published_time\" content=\"2023-04-27T14:19:19+00:00\" \/>\n<meta property=\"article:modified_time\" content=\"2023-04-27T14:22:10+00:00\" \/>\n<meta property=\"og:image\" content=\"https:\/\/www.carloszawitoski.com.br\/blog\/wp-content\/uploads\/2023\/04\/dia-medico-1024x683-1.jpg\" \/>\n\t<meta property=\"og:image:width\" content=\"1024\" \/>\n\t<meta property=\"og:image:height\" content=\"683\" \/>\n\t<meta property=\"og:image:type\" content=\"image\/jpeg\" \/>\n<meta name=\"author\" content=\"wp.zawitoski\" \/>\n<meta name=\"twitter:card\" content=\"summary_large_image\" \/>\n<meta name=\"twitter:label1\" content=\"Escrito por\" \/>\n\t<meta name=\"twitter:data1\" content=\"wp.zawitoski\" \/>\n\t<meta name=\"twitter:label2\" content=\"Est. tempo de leitura\" \/>\n\t<meta name=\"twitter:data2\" content=\"4 minutos\" \/>\n<script type=\"application\/ld+json\" class=\"yoast-schema-graph\">{\"@context\":\"https:\/\/schema.org\",\"@graph\":[{\"@type\":\"Article\",\"@id\":\"https:\/\/www.carloszawitoski.com.br\/blog\/pericia-medica-trabalhista-em-sao-paulo-qual-empresa-escolher\/#article\",\"isPartOf\":{\"@id\":\"https:\/\/www.carloszawitoski.com.br\/blog\/pericia-medica-trabalhista-em-sao-paulo-qual-empresa-escolher\/\"},\"author\":{\"name\":\"wp.zawitoski\",\"@id\":\"https:\/\/www.carloszawitoski.com.br\/blog\/#\/schema\/person\/557921c2640122f6b804f072e5a43c74\"},\"headline\":\"Per\u00edcia m\u00e9dica trabalhista em S\u00e3o Paulo: qual empresa escolher?\",\"datePublished\":\"2023-04-27T14:19:19+00:00\",\"dateModified\":\"2023-04-27T14:22:10+00:00\",\"mainEntityOfPage\":{\"@id\":\"https:\/\/www.carloszawitoski.com.br\/blog\/pericia-medica-trabalhista-em-sao-paulo-qual-empresa-escolher\/\"},\"wordCount\":617,\"commentCount\":0,\"publisher\":{\"@id\":\"https:\/\/www.carloszawitoski.com.br\/blog\/#organization\"},\"keywords\":[\"Assist\u00eancia m\u00e9dica pericial em s\u00e3o paulo\",\"Assist\u00eancia m\u00e9dica pericial em sp\",\"Assist\u00eancia m\u00e9dica pericial pre\u00e7o\",\"Assist\u00eancia m\u00e9dica pericial Vila Cordeiro\",\"Assist\u00eancia m\u00e9dica pericial Zona Sul\",\"empresa de Assist\u00eancia m\u00e9dica pericial\",\"empresa de Laudo pericial\",\"empresa de Laudo pericial trabalhista\",\"empresa de per\u00edcia m\u00e9dica\",\"empresa de per\u00edcia m\u00e9dica ortop\u00e9dica\",\"empresa de Per\u00edcia trabalhista ortopedia\",\"Laudo pericial em s\u00e3o paulo\",\"Laudo pericial em sp\",\"Laudo pericial pre\u00e7o\",\"Laudo pericial trabalhista em s\u00e3o paulo\",\"Laudo pericial trabalhista em sp\",\"Laudo pericial trabalhista pre\u00e7o\",\"Laudo pericial trabalhista Vila Cordeiro\",\"Laudo pericial trabalhista Zona Sul\",\"Laudo pericial Vila Cordeiro\",\"Laudo pericial Zona Sul\",\"per\u00edcia m\u00e9dica em s\u00e3o paulo\",\"per\u00edcia m\u00e9dica em sp\",\"per\u00edcia m\u00e9dica ortop\u00e9dica em s\u00e3o paulo\",\"per\u00edcia m\u00e9dica ortop\u00e9dica em sp\",\"per\u00edcia m\u00e9dica ortop\u00e9dica pre\u00e7o\",\"per\u00edcia m\u00e9dica ortop\u00e9dica Vila Cordeiro\",\"per\u00edcia m\u00e9dica ortop\u00e9dica Zona Sul\",\"per\u00edcia m\u00e9dica pre\u00e7o\",\"per\u00edcia m\u00e9dica trabalhista em s\u00e3o paulo\",\"per\u00edcia m\u00e9dica trabalhista em sp\",\"per\u00edcia m\u00e9dica trabalhista pre\u00e7o\",\"per\u00edcia m\u00e9dica trabalhista Vila Cordeiro\",\"per\u00edcia m\u00e9dica trabalhista Zona Sul\",\"per\u00edcia m\u00e9dica Vila Cordeiro\",\"per\u00edcia m\u00e9dica Zona Sul\",\"Per\u00edcia trabalhista em s\u00e3o paulo\",\"Per\u00edcia trabalhista em sp\",\"Per\u00edcia trabalhista ortopedia em s\u00e3o paulo\",\"Per\u00edcia trabalhista ortopedia em sp\",\"Per\u00edcia trabalhista ortopedia pre\u00e7o\",\"Per\u00edcia trabalhista ortopedia Vila Cordeiro\",\"Per\u00edcia trabalhista ortopedia Zona Sul\",\"Per\u00edcia trabalhista pre\u00e7o\",\"Per\u00edcia trabalhista Vila Cordeiro\",\"Per\u00edcia trabalhista Zona Sul\"],\"articleSection\":[\"Per\u00edcia M\u00e9dica Trabalhista\"],\"inLanguage\":\"pt-BR\",\"potentialAction\":[{\"@type\":\"CommentAction\",\"name\":\"Comment\",\"target\":[\"https:\/\/www.carloszawitoski.com.br\/blog\/pericia-medica-trabalhista-em-sao-paulo-qual-empresa-escolher\/#respond\"]}]},{\"@type\":\"WebPage\",\"@id\":\"https:\/\/www.carloszawitoski.com.br\/blog\/pericia-medica-trabalhista-em-sao-paulo-qual-empresa-escolher\/\",\"url\":\"https:\/\/www.carloszawitoski.com.br\/blog\/pericia-medica-trabalhista-em-sao-paulo-qual-empresa-escolher\/\",\"name\":\"Per\u00edcia m\u00e9dica trabalhista em S\u00e3o Paulo: qual empresa escolher? - Carlos Zawitoski\",\"isPartOf\":{\"@id\":\"https:\/\/www.carloszawitoski.com.br\/blog\/#website\"},\"datePublished\":\"2023-04-27T14:19:19+00:00\",\"dateModified\":\"2023-04-27T14:22:10+00:00\",\"description\":\"Procurando uma empresa de per\u00edcia m\u00e9dica trabalhista em S\u00e3o Paulo? Conhe\u00e7a a Carlos Zawitoski e sua equipe.\",\"breadcrumb\":{\"@id\":\"https:\/\/www.carloszawitoski.com.br\/blog\/pericia-medica-trabalhista-em-sao-paulo-qual-empresa-escolher\/#breadcrumb\"},\"inLanguage\":\"pt-BR\",\"potentialAction\":[{\"@type\":\"ReadAction\",\"target\":[\"https:\/\/www.carloszawitoski.com.br\/blog\/pericia-medica-trabalhista-em-sao-paulo-qual-empresa-escolher\/\"]}]},{\"@type\":\"BreadcrumbList\",\"@id\":\"https:\/\/www.carloszawitoski.com.br\/blog\/pericia-medica-trabalhista-em-sao-paulo-qual-empresa-escolher\/#breadcrumb\",\"itemListElement\":[{\"@type\":\"ListItem\",\"position\":1,\"name\":\"In\u00edcio\",\"item\":\"https:\/\/www.carloszawitoski.com.br\/blog\/\"},{\"@type\":\"ListItem\",\"position\":2,\"name\":\"Per\u00edcia m\u00e9dica trabalhista em S\u00e3o Paulo: qual empresa escolher?\"}]},{\"@type\":\"WebSite\",\"@id\":\"https:\/\/www.carloszawitoski.com.br\/blog\/#website\",\"url\":\"https:\/\/www.carloszawitoski.com.br\/blog\/\",\"name\":\"Carlos Zawitoski\",\"description\":\"Per\u00edcia M\u00e9dica\",\"publisher\":{\"@id\":\"https:\/\/www.carloszawitoski.com.br\/blog\/#organization\"},\"potentialAction\":[{\"@type\":\"SearchAction\",\"target\":{\"@type\":\"EntryPoint\",\"urlTemplate\":\"https:\/\/www.carloszawitoski.com.br\/blog\/?s={search_term_string}\"},\"query-input\":\"required name=search_term_string\"}],\"inLanguage\":\"pt-BR\"},{\"@type\":\"Organization\",\"@id\":\"https:\/\/www.carloszawitoski.com.br\/blog\/#organization\",\"name\":\"Carlos Zawitoski\",\"url\":\"https:\/\/www.carloszawitoski.com.br\/blog\/\",\"logo\":{\"@type\":\"ImageObject\",\"inLanguage\":\"pt-BR\",\"@id\":\"https:\/\/www.carloszawitoski.com.br\/blog\/#\/schema\/logo\/image\/\",\"url\":\"https:\/\/www.carloszawitoski.com.br\/blog\/wp-content\/uploads\/2023\/05\/logo-zawi.webp\",\"contentUrl\":\"https:\/\/www.carloszawitoski.com.br\/blog\/wp-content\/uploads\/2023\/05\/logo-zawi.webp\",\"width\":357,\"height\":216,\"caption\":\"Carlos Zawitoski\"},\"image\":{\"@id\":\"https:\/\/www.carloszawitoski.com.br\/blog\/#\/schema\/logo\/image\/\"}},{\"@type\":\"Person\",\"@id\":\"https:\/\/www.carloszawitoski.com.br\/blog\/#\/schema\/person\/557921c2640122f6b804f072e5a43c74\",\"name\":\"wp.zawitoski\",\"image\":{\"@type\":\"ImageObject\",\"inLanguage\":\"pt-BR\",\"@id\":\"https:\/\/www.carloszawitoski.com.br\/blog\/#\/schema\/person\/image\/\",\"url\":\"https:\/\/secure.gravatar.com\/avatar\/fa4a09d6f34002223b78ed431bcdd00d?s=96&d=mm&r=g\",\"contentUrl\":\"https:\/\/secure.gravatar.com\/avatar\/fa4a09d6f34002223b78ed431bcdd00d?s=96&d=mm&r=g\",\"caption\":\"wp.zawitoski\"},\"url\":\"https:\/\/www.carloszawitoski.com.br\/blog\/author\/wp-zawitoski\/\"}]}<\/script>\n<!-- \/ Yoast SEO plugin. -->","yoast_head_json":{"title":"Per\u00edcia m\u00e9dica trabalhista em S\u00e3o Paulo: qual empresa escolher? - Carlos Zawitoski","description":"Procurando uma empresa de per\u00edcia m\u00e9dica trabalhista em S\u00e3o Paulo? Conhe\u00e7a a Carlos Zawitoski e sua equipe.","robots":{"index":"index","follow":"follow","max-snippet":"max-snippet:-1","max-image-preview":"max-image-preview:large","max-video-preview":"max-video-preview:-1"},"canonical":"https:\/\/www.carloszawitoski.com.br\/blog\/pericia-medica-trabalhista-em-sao-paulo-qual-empresa-escolher\/","og_locale":"pt_BR","og_type":"article","og_title":"Per\u00edcia m\u00e9dica trabalhista em S\u00e3o Paulo: qual empresa escolher? - Carlos Zawitoski","og_description":"Procurando uma empresa de per\u00edcia m\u00e9dica trabalhista em S\u00e3o Paulo? Conhe\u00e7a a Carlos Zawitoski e sua equipe.","og_url":"https:\/\/www.carloszawitoski.com.br\/blog\/pericia-medica-trabalhista-em-sao-paulo-qual-empresa-escolher\/","og_site_name":"Carlos Zawitoski","article_published_time":"2023-04-27T14:19:19+00:00","article_modified_time":"2023-04-27T14:22:10+00:00","og_image":[{"width":1024,"height":683,"url":"https:\/\/www.carloszawitoski.com.br\/blog\/wp-content\/uploads\/2023\/04\/dia-medico-1024x683-1.jpg","type":"image\/jpeg"}],"author":"wp.zawitoski","twitter_card":"summary_large_image","twitter_misc":{"Escrito por":"wp.zawitoski","Est. tempo de leitura":"4 minutos"},"schema":{"@context":"https:\/\/schema.org","@graph":[{"@type":"Article","@id":"https:\/\/www.carloszawitoski.com.br\/blog\/pericia-medica-trabalhista-em-sao-paulo-qual-empresa-escolher\/#article","isPartOf":{"@id":"https:\/\/www.carloszawitoski.com.br\/blog\/pericia-medica-trabalhista-em-sao-paulo-qual-empresa-escolher\/"},"author":{"name":"wp.zawitoski","@id":"https:\/\/www.carloszawitoski.com.br\/blog\/#\/schema\/person\/557921c2640122f6b804f072e5a43c74"},"headline":"Per\u00edcia m\u00e9dica trabalhista em S\u00e3o Paulo: qual empresa escolher?","datePublished":"2023-04-27T14:19:19+00:00","dateModified":"2023-04-27T14:22:10+00:00","mainEntityOfPage":{"@id":"https:\/\/www.carloszawitoski.com.br\/blog\/pericia-medica-trabalhista-em-sao-paulo-qual-empresa-escolher\/"},"wordCount":617,"commentCount":0,"publisher":{"@id":"https:\/\/www.carloszawitoski.com.br\/blog\/#organization"},"keywords":["Assist\u00eancia m\u00e9dica pericial em s\u00e3o paulo","Assist\u00eancia m\u00e9dica pericial em sp","Assist\u00eancia m\u00e9dica pericial pre\u00e7o","Assist\u00eancia m\u00e9dica pericial Vila Cordeiro","Assist\u00eancia m\u00e9dica pericial Zona Sul","empresa de Assist\u00eancia m\u00e9dica pericial","empresa de Laudo pericial","empresa de Laudo pericial trabalhista","empresa de per\u00edcia m\u00e9dica","empresa de per\u00edcia m\u00e9dica ortop\u00e9dica","empresa de Per\u00edcia trabalhista ortopedia","Laudo pericial em s\u00e3o paulo","Laudo pericial em sp","Laudo pericial pre\u00e7o","Laudo pericial trabalhista em s\u00e3o paulo","Laudo pericial trabalhista em sp","Laudo pericial trabalhista pre\u00e7o","Laudo pericial trabalhista Vila Cordeiro","Laudo pericial trabalhista Zona Sul","Laudo pericial Vila Cordeiro","Laudo pericial Zona Sul","per\u00edcia m\u00e9dica em s\u00e3o paulo","per\u00edcia m\u00e9dica em sp","per\u00edcia m\u00e9dica ortop\u00e9dica em s\u00e3o paulo","per\u00edcia m\u00e9dica ortop\u00e9dica em sp","per\u00edcia m\u00e9dica ortop\u00e9dica pre\u00e7o","per\u00edcia m\u00e9dica ortop\u00e9dica Vila Cordeiro","per\u00edcia m\u00e9dica ortop\u00e9dica Zona Sul","per\u00edcia m\u00e9dica pre\u00e7o","per\u00edcia m\u00e9dica trabalhista em s\u00e3o paulo","per\u00edcia m\u00e9dica trabalhista em sp","per\u00edcia m\u00e9dica trabalhista pre\u00e7o","per\u00edcia m\u00e9dica trabalhista Vila Cordeiro","per\u00edcia m\u00e9dica trabalhista Zona Sul","per\u00edcia m\u00e9dica Vila Cordeiro","per\u00edcia m\u00e9dica Zona Sul","Per\u00edcia trabalhista em s\u00e3o paulo","Per\u00edcia trabalhista em sp","Per\u00edcia trabalhista ortopedia em s\u00e3o paulo","Per\u00edcia trabalhista ortopedia em sp","Per\u00edcia trabalhista ortopedia pre\u00e7o","Per\u00edcia trabalhista ortopedia Vila Cordeiro","Per\u00edcia trabalhista ortopedia Zona Sul","Per\u00edcia trabalhista pre\u00e7o","Per\u00edcia trabalhista Vila Cordeiro","Per\u00edcia trabalhista Zona Sul"],"articleSection":["Per\u00edcia M\u00e9dica Trabalhista"],"inLanguage":"pt-BR","potentialAction":[{"@type":"CommentAction","name":"Comment","target":["https:\/\/www.carloszawitoski.com.br\/blog\/pericia-medica-trabalhista-em-sao-paulo-qual-empresa-escolher\/#respond"]}]},{"@type":"WebPage","@id":"https:\/\/www.carloszawitoski.com.br\/blog\/pericia-medica-trabalhista-em-sao-paulo-qual-empresa-escolher\/","url":"https:\/\/www.carloszawitoski.com.br\/blog\/pericia-medica-trabalhista-em-sao-paulo-qual-empresa-escolher\/","name":"Per\u00edcia m\u00e9dica trabalhista em S\u00e3o Paulo: qual empresa escolher? - Carlos Zawitoski","isPartOf":{"@id":"https:\/\/www.carloszawitoski.com.br\/blog\/#website"},"datePublished":"2023-04-27T14:19:19+00:00","dateModified":"2023-04-27T14:22:10+00:00","description":"Procurando uma empresa de per\u00edcia m\u00e9dica trabalhista em S\u00e3o Paulo? Conhe\u00e7a a Carlos Zawitoski e sua equipe.","breadcrumb":{"@id":"https:\/\/www.carloszawitoski.com.br\/blog\/pericia-medica-trabalhista-em-sao-paulo-qual-empresa-escolher\/#breadcrumb"},"inLanguage":"pt-BR","potentialAction":[{"@type":"ReadAction","target":["https:\/\/www.carloszawitoski.com.br\/blog\/pericia-medica-trabalhista-em-sao-paulo-qual-empresa-escolher\/"]}]},{"@type":"BreadcrumbList","@id":"https:\/\/www.carloszawitoski.com.br\/blog\/pericia-medica-trabalhista-em-sao-paulo-qual-empresa-escolher\/#breadcrumb","itemListElement":[{"@type":"ListItem","position":1,"name":"In\u00edcio","item":"https:\/\/www.carloszawitoski.com.br\/blog\/"},{"@type":"ListItem","position":2,"name":"Per\u00edcia m\u00e9dica trabalhista em S\u00e3o Paulo: qual empresa escolher?"}]},{"@type":"WebSite","@id":"https:\/\/www.carloszawitoski.com.br\/blog\/#website","url":"https:\/\/www.carloszawitoski.com.br\/blog\/","name":"Carlos Zawitoski","description":"Per\u00edcia M\u00e9dica","publisher":{"@id":"https:\/\/www.carloszawitoski.com.br\/blog\/#organization"},"potentialAction":[{"@type":"SearchAction","target":{"@type":"EntryPoint","urlTemplate":"https:\/\/www.carloszawitoski.com.br\/blog\/?s={search_term_string}"},"query-input":"required name=search_term_string"}],"inLanguage":"pt-BR"},{"@type":"Organization","@id":"https:\/\/www.carloszawitoski.com.br\/blog\/#organization","name":"Carlos Zawitoski","url":"https:\/\/www.carloszawitoski.com.br\/blog\/","logo":{"@type":"ImageObject","inLanguage":"pt-BR","@id":"https:\/\/www.carloszawitoski.com.br\/blog\/#\/schema\/logo\/image\/","url":"https:\/\/www.carloszawitoski.com.br\/blog\/wp-content\/uploads\/2023\/05\/logo-zawi.webp","contentUrl":"https:\/\/www.carloszawitoski.com.br\/blog\/wp-content\/uploads\/2023\/05\/logo-zawi.webp","width":357,"height":216,"caption":"Carlos Zawitoski"},"image":{"@id":"https:\/\/www.carloszawitoski.com.br\/blog\/#\/schema\/logo\/image\/"}},{"@type":"Person","@id":"https:\/\/www.carloszawitoski.com.br\/blog\/#\/schema\/person\/557921c2640122f6b804f072e5a43c74","name":"wp.zawitoski","image":{"@type":"ImageObject","inLanguage":"pt-BR","@id":"https:\/\/www.carloszawitoski.com.br\/blog\/#\/schema\/person\/image\/","url":"https:\/\/secure.gravatar.com\/avatar\/fa4a09d6f34002223b78ed431bcdd00d?s=96&d=mm&r=g","contentUrl":"https:\/\/secure.gravatar.com\/avatar\/fa4a09d6f34002223b78ed431bcdd00d?s=96&d=mm&r=g","caption":"wp.zawitoski"},"url":"https:\/\/www.carloszawitoski.com.br\/blog\/author\/wp-zawitoski\/"}]}},"_links":{"self":[{"href":"https:\/\/www.carloszawitoski.com.br\/blog\/wp-json\/wp\/v2\/posts\/2639"}],"collection":[{"href":"https:\/\/www.carloszawitoski.com.br\/blog\/wp-json\/wp\/v2\/posts"}],"about":[{"href":"https:\/\/www.carloszawitoski.com.br\/blog\/wp-json\/wp\/v2\/types\/post"}],"author":[{"embeddable":true,"href":"https:\/\/www.carloszawitoski.com.br\/blog\/wp-json\/wp\/v2\/users\/1"}],"replies":[{"embeddable":true,"href":"https:\/\/www.carloszawitoski.com.br\/blog\/wp-json\/wp\/v2\/comments?post=2639"}],"version-history":[{"count":1,"href":"https:\/\/www.carloszawitoski.com.br\/blog\/wp-json\/wp\/v2\/posts\/2639\/revisions"}],"predecessor-version":[{"id":2643,"href":"https:\/\/www.carloszawitoski.com.br\/blog\/wp-json\/wp\/v2\/posts\/2639\/revisions\/2643"}],"wp:featuredmedia":[{"embeddable":true,"href":"https:\/\/www.carloszawitoski.com.br\/blog\/wp-json\/wp\/v2\/media\/2640"}],"wp:attachment":[{"href":"https:\/\/www.carloszawitoski.com.br\/blog\/wp-json\/wp\/v2\/media?parent=2639"}],"wp:term":[{"taxonomy":"category","embeddable":true,"href":"https:\/\/www.carloszawitoski.com.br\/blog\/wp-json\/wp\/v2\/categories?post=2639"},{"taxonomy":"post_tag","embeddable":true,"href":"https:\/\/www.carloszawitoski.com.br\/blog\/wp-json\/wp\/v2\/tags?post=2639"}],"curies":[{"name":"wp","href":"https:\/\/api.w.org\/{rel}","templated":true}]}}