{"id":2677,"date":"2025-04-29T07:57:27","date_gmt":"2025-04-29T07:57:27","guid":{"rendered":"https:\/\/www.carloszawitoski.com.br\/blog\/?p=2677"},"modified":"2025-04-29T11:36:37","modified_gmt":"2025-04-29T11:36:37","slug":"pericia-trabalhista-saiba-quando-deve-ser-realizada","status":"publish","type":"post","link":"https:\/\/www.carloszawitoski.com.br\/blog\/pericia-trabalhista-saiba-quando-deve-ser-realizada\/","title":{"rendered":"Per\u00edcia trabalhista: saiba tudo sobre quando e como realiz\u00e1-la"},"content":{"rendered":"<span class=\"rt-reading-time\" style=\"display: block;\"><span class=\"rt-label rt-prefix\">Tempo de leitura<\/span> <span class=\"rt-time\">5<\/span> <span class=\"rt-label rt-postfix\">minutos<\/span><\/span><p><b><i>A per\u00edcia trabalhista pode levantar d\u00favidas tanto de empregadores quanto de empregados. Saiba mais sobre ela, a seguir.\u00a0<\/i><\/b><\/p>\n<p><span style=\"font-weight: 400;\">Apesar de ser considerado um important\u00edssimo instrumento para decidir causas judiciais trabalhistas, nem todo\u00a0mundo sabe do que se trata uma per\u00edcia trabalhista e quando deve ser realizada.\u00a0<\/span><\/p>\n<p><span style=\"font-weight: 400;\">Para evitar acidentes na contrata\u00e7\u00e3o de novos funcion\u00e1rios e na libera\u00e7\u00e3o de trabalhadores (acidentados ou operados), \u00e9 importante conhecer melhor o papel das per\u00edcias m\u00e9dicas trabalhistas. Para isso, reunimos a seguir, os principais pontos sobre o procedimento que est\u00e3o previstos na lei, conforme o artigo 195 da CLT.<\/span><\/p>\n<p><b>Confira!<\/b><\/p>\n<div id=\"ez-toc-container\" class=\"ez-toc-v2_0_68_1 counter-hierarchy ez-toc-counter ez-toc-white ez-toc-container-direction\">\n<div class=\"ez-toc-title-container\">\n<p class=\"ez-toc-title \" >LISTA DE T&Oacute;PICOS<\/p>\n<span class=\"ez-toc-title-toggle\"><a href=\"#\" class=\"ez-toc-pull-right ez-toc-btn ez-toc-btn-xs ez-toc-btn-default ez-toc-toggle\" aria-label=\"Toggle Table of Content\"><span class=\"ez-toc-js-icon-con\"><span class=\"\"><span class=\"eztoc-hide\" style=\"display:none;\">Toggle<\/span><span class=\"ez-toc-icon-toggle-span\"><svg style=\"fill: #999;color:#999\" xmlns=\"http:\/\/www.w3.org\/2000\/svg\" class=\"list-377408\" width=\"20px\" height=\"20px\" viewBox=\"0 0 24 24\" fill=\"none\"><path d=\"M6 6H4v2h2V6zm14 0H8v2h12V6zM4 11h2v2H4v-2zm16 0H8v2h12v-2zM4 16h2v2H4v-2zm16 0H8v2h12v-2z\" fill=\"currentColor\"><\/path><\/svg><svg style=\"fill: #999;color:#999\" class=\"arrow-unsorted-368013\" xmlns=\"http:\/\/www.w3.org\/2000\/svg\" width=\"10px\" height=\"10px\" viewBox=\"0 0 24 24\" version=\"1.2\" baseProfile=\"tiny\"><path d=\"M18.2 9.3l-6.2-6.3-6.2 6.3c-.2.2-.3.4-.3.7s.1.5.3.7c.2.2.4.3.7.3h11c.3 0 .5-.1.7-.3.2-.2.3-.5.3-.7s-.1-.5-.3-.7zM5.8 14.7l6.2 6.3 6.2-6.3c.2-.2.3-.5.3-.7s-.1-.5-.3-.7c-.2-.2-.4-.3-.7-.3h-11c-.3 0-.5.1-.7.3-.2.2-.3.5-.3.7s.1.5.3.7z\"\/><\/svg><\/span><\/span><\/span><\/a><\/span><\/div>\n<nav><ul class='ez-toc-list ez-toc-list-level-1 ' ><li class='ez-toc-page-1 ez-toc-heading-level-2'><a class=\"ez-toc-link ez-toc-heading-1\" href=\"https:\/\/www.carloszawitoski.com.br\/blog\/pericia-trabalhista-saiba-quando-deve-ser-realizada\/#O_que_e_a_pericia_trabalhista\" title=\"O que \u00e9 a per\u00edcia trabalhista?\">O que \u00e9 a per\u00edcia trabalhista?<\/a><ul class='ez-toc-list-level-3' ><li class='ez-toc-heading-level-3'><a class=\"ez-toc-link ez-toc-heading-2\" href=\"https:\/\/www.carloszawitoski.com.br\/blog\/pericia-trabalhista-saiba-quando-deve-ser-realizada\/#Em_quais_situacoes_a_pericia_trabalhista_e_realizada\" title=\"Em quais situa\u00e7\u00f5es a per\u00edcia trabalhista \u00e9 realizada?\">Em quais situa\u00e7\u00f5es a per\u00edcia trabalhista \u00e9 realizada?<\/a><\/li><\/ul><\/li><li class='ez-toc-page-1 ez-toc-heading-level-2'><a class=\"ez-toc-link ez-toc-heading-3\" href=\"https:\/\/www.carloszawitoski.com.br\/blog\/pericia-trabalhista-saiba-quando-deve-ser-realizada\/#Tipos_de_pericias_trabalhistas_conheca_os_dois_principais\" title=\"Tipos de per\u00edcias trabalhistas: conhe\u00e7a os dois principais\">Tipos de per\u00edcias trabalhistas: conhe\u00e7a os dois principais<\/a><ul class='ez-toc-list-level-3' ><li class='ez-toc-heading-level-3'><a class=\"ez-toc-link ez-toc-heading-4\" href=\"https:\/\/www.carloszawitoski.com.br\/blog\/pericia-trabalhista-saiba-quando-deve-ser-realizada\/#Pericias_de_insalubridade\" title=\"Per\u00edcias de insalubridade\">Per\u00edcias de insalubridade<\/a><\/li><li class='ez-toc-page-1 ez-toc-heading-level-3'><a class=\"ez-toc-link ez-toc-heading-5\" href=\"https:\/\/www.carloszawitoski.com.br\/blog\/pericia-trabalhista-saiba-quando-deve-ser-realizada\/#Pericias_de_periculosidade\" title=\"Per\u00edcias de periculosidade\">Per\u00edcias de periculosidade<\/a><\/li><\/ul><\/li><li class='ez-toc-page-1 ez-toc-heading-level-2'><a class=\"ez-toc-link ez-toc-heading-6\" href=\"https:\/\/www.carloszawitoski.com.br\/blog\/pericia-trabalhista-saiba-quando-deve-ser-realizada\/#Como_funciona_o_processo_de_pericia_trabalhista\" title=\"Como funciona o processo de per\u00edcia trabalhista?\">Como funciona o processo de per\u00edcia trabalhista?<\/a><\/li><li class='ez-toc-page-1 ez-toc-heading-level-2'><a class=\"ez-toc-link ez-toc-heading-7\" href=\"https:\/\/www.carloszawitoski.com.br\/blog\/pericia-trabalhista-saiba-quando-deve-ser-realizada\/#A_importancia_do_assistente_tecnico_na_pericia_trabalhista\" title=\"A import\u00e2ncia do assistente t\u00e9cnico na per\u00edcia trabalhista\">A import\u00e2ncia do assistente t\u00e9cnico na per\u00edcia trabalhista<\/a><\/li><li class='ez-toc-page-1 ez-toc-heading-level-2'><a class=\"ez-toc-link ez-toc-heading-8\" href=\"https:\/\/www.carloszawitoski.com.br\/blog\/pericia-trabalhista-saiba-quando-deve-ser-realizada\/#Pericia_medica_trabalhista_em_Sao_Paulo_onde_realizar\" title=\"Per\u00edcia m\u00e9dica trabalhista em S\u00e3o Paulo: onde realizar?\">Per\u00edcia m\u00e9dica trabalhista em S\u00e3o Paulo: onde realizar?<\/a><ul class='ez-toc-list-level-3' ><li class='ez-toc-heading-level-3'><a class=\"ez-toc-link ez-toc-heading-9\" href=\"https:\/\/www.carloszawitoski.com.br\/blog\/pericia-trabalhista-saiba-quando-deve-ser-realizada\/#Entre_em_contato_com_a_Carlos_Zawitoski_e_agende_a_sua_pericia_trabalhista\" title=\"Entre em contato com a Carlos Zawitoski e agende a sua per\u00edcia trabalhista!\">Entre em contato com a Carlos Zawitoski e agende a sua per\u00edcia trabalhista!<\/a><\/li><\/ul><\/li><\/ul><\/nav><\/div>\n<h2 class=\"\" data-start=\"1194\" data-end=\"1227\"><span class=\"ez-toc-section\" id=\"O_que_e_a_pericia_trabalhista\"><\/span>O que \u00e9 a per\u00edcia trabalhista?<span class=\"ez-toc-section-end\"><\/span><\/h2>\n<p class=\"\" data-start=\"1229\" data-end=\"1556\">A per\u00edcia trabalhista \u00e9 um procedimento t\u00e9cnico destinado a esclarecer pontos de fato em um<\/p>\n<p class=\"\" data-start=\"1229\" data-end=\"1556\">processo judicial. Normalmente, \u00e9 solicitada quando existem d\u00favidas sobre as condi\u00e7\u00f5es de trabalho, problemas de sa\u00fade relacionados \u00e0 atividade exercida ou para avaliar direitos como <strong data-start=\"1504\" data-end=\"1534\">adicional de insalubridade<\/strong> e <strong data-start=\"1537\" data-end=\"1555\">periculosidade<\/strong>.<\/p>\n<p class=\"\" data-start=\"1558\" data-end=\"1721\"><strong data-start=\"1558\" data-end=\"1603\">A principal fun\u00e7\u00e3o da per\u00edcia trabalhista<\/strong> \u00e9 comprovar ou refutar alega\u00e7\u00f5es feitas pelas partes envolvidas no processo, com base em an\u00e1lise t\u00e9cnica e imparcial.<\/p>\n<p class=\"\" data-start=\"1723\" data-end=\"1864\">De acordo com o <strong data-start=\"1739\" data-end=\"1760\">artigo 195 da CLT<\/strong>, o laudo pericial \u00e9 um documento fundamental para o juiz tomar uma decis\u00e3o baseada em provas concretas.<\/p>\n<h3 data-start=\"1866\" data-end=\"1922\"><span class=\"ez-toc-section\" id=\"Em_quais_situacoes_a_pericia_trabalhista_e_realizada\"><\/span>Em quais situa\u00e7\u00f5es a per\u00edcia trabalhista \u00e9 realizada?<span class=\"ez-toc-section-end\"><\/span><\/h3>\n<p><b><i><img decoding=\"async\" loading=\"lazy\" class=\"size-medium wp-image-2680 alignright\" src=\"http:\/\/www.carloszawitoski.com.br\/blog\/wp-content\/uploads\/2023\/05\/pericia-trabalhista-contabil-1-300x203.jpg\" alt=\"Per\u00edcia trabalhista: saiba quando deve ser realizada\" width=\"300\" height=\"203\" srcset=\"https:\/\/www.carloszawitoski.com.br\/blog\/wp-content\/uploads\/2023\/05\/pericia-trabalhista-contabil-1-300x203.jpg 300w, https:\/\/www.carloszawitoski.com.br\/blog\/wp-content\/uploads\/2023\/05\/pericia-trabalhista-contabil-1.jpg 365w\" sizes=\"(max-width: 300px) 100vw, 300px\" \/><\/i><\/b><\/p>\n<p class=\"\" data-start=\"1924\" data-end=\"2021\">A per\u00edcia trabalhista \u00e9 necess\u00e1ria em diversas situa\u00e7\u00f5es. Entre as mais comuns, podemos destacar:<\/p>\n<ul data-start=\"2023\" data-end=\"2467\">\n<li class=\"\" data-start=\"2023\" data-end=\"2120\">\n<p class=\"\" data-start=\"2025\" data-end=\"2120\"><strong data-start=\"2025\" data-end=\"2050\">Acidentes de trabalho<\/strong>: Para comprovar a rela\u00e7\u00e3o entre o acidente e as atividades exercidas.<\/p>\n<\/li>\n<li class=\"\" data-start=\"2121\" data-end=\"2229\">\n<p class=\"\" data-start=\"2123\" data-end=\"2229\"><strong data-start=\"2123\" data-end=\"2147\">Doen\u00e7as ocupacionais<\/strong>: Avalia\u00e7\u00e3o de nexo causal entre o ambiente de trabalho e a enfermidade adquirida.<\/p>\n<\/li>\n<li class=\"\" data-start=\"2230\" data-end=\"2331\">\n<p class=\"\" data-start=\"2232\" data-end=\"2331\"><strong data-start=\"2232\" data-end=\"2282\">Verifica\u00e7\u00e3o de insalubridade ou periculosidade<\/strong>: Para validar ou refutar o direito ao adicional.<\/p>\n<\/li>\n<li class=\"\" data-start=\"2332\" data-end=\"2467\">\n<p class=\"\" data-start=\"2334\" data-end=\"2467\"><strong data-start=\"2334\" data-end=\"2363\">Danos morais ou materiais<\/strong>: Quando \u00e9 preciso comprovar o impacto do ambiente ou das condi\u00e7\u00f5es de trabalho na sa\u00fade do trabalhador.<\/p>\n<\/li>\n<\/ul>\n<p class=\"\" data-start=\"2469\" data-end=\"2592\">Muitas vezes, o pr\u00f3prio empregador, de forma preventiva, solicita per\u00edcias internas para evitar futuras demandas judiciais.<\/p>\n<h2><span class=\"ez-toc-section\" id=\"Tipos_de_pericias_trabalhistas_conheca_os_dois_principais\"><\/span><strong>Tipos de per\u00edcias trabalhistas: conhe\u00e7a os dois principais<\/strong><span class=\"ez-toc-section-end\"><\/span><\/h2>\n<p><span style=\"font-weight: 400;\">A seguir, conhe\u00e7a os dois principais tipos de per\u00edcias trabalhistas:<\/span><\/p>\n<h3><span class=\"ez-toc-section\" id=\"Pericias_de_insalubridade\"><\/span><strong>Per\u00edcias de insalubridade<\/strong><span class=\"ez-toc-section-end\"><\/span><\/h3>\n<p class=\"\" data-start=\"2771\" data-end=\"2913\">A per\u00edcia de insalubridade busca identificar se o ambiente de trabalho exp\u00f5e o funcion\u00e1rio a agentes nocivos acima dos limites de toler\u00e2ncia.<\/p>\n<p class=\"\" data-start=\"2915\" data-end=\"3064\">Esse tipo de avalia\u00e7\u00e3o \u00e9 fundamental para garantir que trabalhadores em atividades de risco recebam o <strong data-start=\"3017\" data-end=\"3047\">adicional de insalubridade<\/strong> previsto em lei.<\/p>\n<p class=\"\" data-start=\"3066\" data-end=\"3113\">Durante a per\u00edcia, s\u00e3o analisados fatores como:<\/p>\n<ul>\n<li data-start=\"3116\" data-end=\"3177\">N\u00edvel de exposi\u00e7\u00e3o a agentes qu\u00edmicos, f\u00edsicos ou biol\u00f3gicos;<\/li>\n<li data-start=\"3116\" data-end=\"3177\">Equipamentos de prote\u00e7\u00e3o fornecidos;<\/li>\n<li data-start=\"3116\" data-end=\"3177\">Condi\u00e7\u00f5es do ambiente de trabalho.<\/li>\n<\/ul>\n<h3><span class=\"ez-toc-section\" id=\"Pericias_de_periculosidade\"><\/span><strong>Per\u00edcias de periculosidade<\/strong><span class=\"ez-toc-section-end\"><\/span><\/h3>\n<p>J\u00e1 a per\u00edcia de periculosidade investiga se o trabalhador est\u00e1 exposto a situa\u00e7\u00f5es que possam causar danos imediatos \u00e0 sua integridade f\u00edsica, como inflam\u00e1veis, explosivos ou energia el\u00e9trica.<\/p>\n<p>O adicional de periculosidade \u00e9 devido ao empregado que, mesmo por per\u00edodos intermitentes, exerce atividades perigosas.<\/p>\n<p>Exemplos incluem:<\/p>\n<ul>\n<li>Manipula\u00e7\u00e3o de produtos inflam\u00e1veis;<\/li>\n<li>Trabalho em instala\u00e7\u00f5es el\u00e9tricas de alta tens\u00e3o;<\/li>\n<li>Seguran\u00e7a patrimonial ou pessoal armada.<\/li>\n<\/ul>\n<h2 class=\"\" data-start=\"3758\" data-end=\"3809\"><span class=\"ez-toc-section\" id=\"Como_funciona_o_processo_de_pericia_trabalhista\"><\/span>Como funciona o processo de per\u00edcia trabalhista?<span class=\"ez-toc-section-end\"><\/span><\/h2>\n<p class=\"\" data-start=\"3811\" data-end=\"3889\">Normalmente, o procedimento de per\u00edcia trabalhista segue etapas bem definidas:<\/p>\n<ol>\n<li data-start=\"3894\" data-end=\"3994\"><strong data-start=\"3894\" data-end=\"3916\">Nomea\u00e7\u00e3o do perito<\/strong>: O juiz indica um perito t\u00e9cnico especializado na \u00e1rea relacionada \u00e0 demanda.<\/li>\n<li data-start=\"3894\" data-end=\"3994\"><strong data-start=\"3998\" data-end=\"4035\">Indica\u00e7\u00e3o de assistentes t\u00e9cnicos<\/strong>: Ambas as partes podem indicar seus pr\u00f3prios assistentes, que acompanham a per\u00edcia e defendem seus interesses.<\/li>\n<li data-start=\"3894\" data-end=\"3994\"><strong data-start=\"4150\" data-end=\"4175\">Realiza\u00e7\u00e3o da per\u00edcia<\/strong>: Visitas t\u00e9cnicas, entrevistas, an\u00e1lise documental e testes s\u00e3o realizados.<\/li>\n<li data-start=\"3894\" data-end=\"3994\"><strong data-start=\"4255\" data-end=\"4275\">Entrega do laudo<\/strong>: O perito entrega ao juiz um documento com suas conclus\u00f5es t\u00e9cnicas.<\/li>\n<li data-start=\"3894\" data-end=\"3994\"><strong data-start=\"4348\" data-end=\"4363\">Impugna\u00e7\u00f5es<\/strong>: Caso alguma parte discorde do laudo, poder\u00e1 impugn\u00e1-lo, apresentando raz\u00f5es fundamentadas.<\/li>\n<\/ol>\n<p class=\"\" data-start=\"4457\" data-end=\"4587\"><strong data-start=\"4457\" data-end=\"4517\">A presen\u00e7a de um assistente t\u00e9cnico capacitado \u00e9 crucial<\/strong>, pois ele pode identificar falhas, contradi\u00e7\u00f5es ou omiss\u00f5es no laudo.<\/p>\n<h2 class=\"\" data-start=\"4589\" data-end=\"4650\"><span class=\"ez-toc-section\" id=\"A_importancia_do_assistente_tecnico_na_pericia_trabalhista\"><\/span>A import\u00e2ncia do assistente t\u00e9cnico na per\u00edcia trabalhista<span class=\"ez-toc-section-end\"><\/span><\/h2>\n<p class=\"\" data-start=\"4652\" data-end=\"4860\">Muitas pessoas subestimam a import\u00e2ncia do assistente t\u00e9cnico em processos de per\u00edcia. No entanto, esse profissional \u00e9 <strong data-start=\"4771\" data-end=\"4784\">essencial<\/strong> para equilibrar o processo e aumentar as chances de um resultado favor\u00e1vel.<\/p>\n<p class=\"\" data-start=\"4862\" data-end=\"4883\">O assistente t\u00e9cnico:<\/p>\n<ul>\n<li data-start=\"4886\" data-end=\"4926\"><strong data-start=\"4886\" data-end=\"4899\">Acompanha<\/strong> todas as fases da per\u00edcia;<\/li>\n<li data-start=\"4886\" data-end=\"4926\"><strong data-start=\"4929\" data-end=\"4961\">Faz questionamentos t\u00e9cnicos<\/strong> que podem alterar a interpreta\u00e7\u00e3o dos fatos;<\/li>\n<li data-start=\"4886\" data-end=\"4926\"><strong data-start=\"5009\" data-end=\"5036\">Elabora parecer t\u00e9cnico<\/strong> contestando ou complementando o laudo oficial;<\/li>\n<li data-start=\"4886\" data-end=\"4926\"><strong data-start=\"5086\" data-end=\"5159\">Ajuda o advogado a construir uma tese de defesa ou ataque mais s\u00f3lida<\/strong>.<\/li>\n<\/ul>\n<p class=\"\" data-start=\"5162\" data-end=\"5234\">Escolher um bom assistente pode ser decisivo para o sucesso no processo.<\/p>\n<h2><span class=\"ez-toc-section\" id=\"Pericia_medica_trabalhista_em_Sao_Paulo_onde_realizar\"><\/span><strong>Per\u00edcia m\u00e9dica trabalhista em S\u00e3o Paulo: onde realizar?<\/strong><span class=\"ez-toc-section-end\"><\/span><\/h2>\n<p><span style=\"font-weight: 400;\">S<\/span><span style=\"font-weight: 400;\">aber onde contratar um assistente t\u00e9cnico em per\u00edcias m\u00e9dicas \u00e9 extremamente importante, pois assim voc\u00ea minimiza as chances do processo judicial ser perdido pela falta de provas.<\/span><\/p>\n<p><span style=\"font-weight: 400;\">Se voc\u00ea est\u00e1 em busca de uma empresa especializada em per\u00edcias trabalhistas em S\u00e3o Paulo, precisa conhecer a <\/span><a href=\"https:\/\/www.carloszawitoski.com.br\/home\" target=\"_blank\" rel=\"noopener\"><span style=\"font-weight: 400;\">Carlos Zawitoski<\/span><\/a><span style=\"font-weight: 400;\">.<\/span><\/p>\n<p><span style=\"font-weight: 400;\">Localizada na Vila Cordeiro, zona sul da capital paulista, a <\/span><a href=\"https:\/\/www.carloszawitoski.com.br\/home\" target=\"_blank\" rel=\"noopener\"><span style=\"font-weight: 400;\">Carlos Zawitoski<\/span><\/a><span style=\"font-weight: 400;\"> traz o melhor know-how do mercado, constitu\u00eddo ao longo de 20 anos pelo trabalho \u00e1rduo da equipe t\u00e9cnica em processos judiciais de v\u00e1rios locais.<\/span><\/p>\n<p><span style=\"font-weight: 400;\">Para garantir ainda mais assertividade nos processos, a <\/span><a href=\"https:\/\/www.carloszawitoski.com.br\/home\" target=\"_blank\" rel=\"noopener\"><span style=\"font-weight: 400;\">Carlos Zawitoski <\/span><\/a><span style=\"font-weight: 400;\">automatiza trabalhos conjuntos com departamentos jur\u00eddicos (internos ou terceirizados), possibilitando a cria\u00e7\u00e3o de etapas processuais e metodologias \u00fanicas.\u00a0<\/span><\/p>\n<h3><span class=\"ez-toc-section\" id=\"Entre_em_contato_com_a_Carlos_Zawitoski_e_agende_a_sua_pericia_trabalhista\"><\/span><strong>Entre em contato com a Carlos Zawitoski e agende a sua per\u00edcia trabalhista!<\/strong><span class=\"ez-toc-section-end\"><\/span><\/h3>\n<p><span style=\"font-weight: 400;\">Possuindo os melhores profissionais do setor, a <\/span><a href=\"https:\/\/www.carloszawitoski.com.br\/home\" target=\"_blank\" rel=\"noopener\"><span style=\"font-weight: 400;\">Carlos Zawitoski<\/span><\/a><span style=\"font-weight: 400;\"> proporciona resultados favor\u00e1veis em qualquer inst\u00e2ncia. <\/span><a href=\"https:\/\/api.whatsapp.com\/send\/?phone=5511990002828&amp;text&amp;type=phone_number&amp;app_absent=0\" target=\"_blank\" rel=\"noopener\"><span style=\"font-weight: 400;\">Agende j\u00e1 a sua per\u00edcia trabalhista conosco<\/span><\/a><span style=\"font-weight: 400;\"> e tenha acesso \u00e0 melhor assist\u00eancia t\u00e9cnica do pa\u00eds!<\/span><\/p>\n<p><img decoding=\"async\" loading=\"lazy\" class=\" wp-image-2679 aligncenter\" src=\"http:\/\/www.carloszawitoski.com.br\/blog\/wp-content\/uploads\/2023\/05\/2_datore_di_lavoro-1200x565-1-300x141.jpg\" alt=\"Per\u00edcia trabalhista: saiba quando deve ser realizada \" width=\"328\" height=\"154\" srcset=\"https:\/\/www.carloszawitoski.com.br\/blog\/wp-content\/uploads\/2023\/05\/2_datore_di_lavoro-1200x565-1-300x141.jpg 300w, https:\/\/www.carloszawitoski.com.br\/blog\/wp-content\/uploads\/2023\/05\/2_datore_di_lavoro-1200x565-1-1024x482.jpg 1024w, https:\/\/www.carloszawitoski.com.br\/blog\/wp-content\/uploads\/2023\/05\/2_datore_di_lavoro-1200x565-1-768x362.jpg 768w, https:\/\/www.carloszawitoski.com.br\/blog\/wp-content\/uploads\/2023\/05\/2_datore_di_lavoro-1200x565-1.jpg 1200w\" sizes=\"(max-width: 328px) 100vw, 328px\" \/><\/p>\n<p><span style=\"font-weight: 400;\">Agora que voc\u00ea j\u00e1 sabe quando a per\u00edcia trabalhista deve ser realizada, aproveite para conferir outros artigos em destaque no <\/span><a href=\"https:\/\/www.carloszawitoski.com.br\/blog\/\"><span style=\"font-weight: 400;\">blog da Carlos Zawitoski:<\/span><\/a><\/p>\n<ul>\n<li style=\"font-weight: 400;\" aria-level=\"1\"><a href=\"https:\/\/www.carloszawitoski.com.br\/blog\/impugnacao-de-laudo-pericial-o-que-e-e-como-acontece\/\"><span style=\"font-weight: 400;\">Impugna\u00e7\u00e3o de laudo pericial: o que \u00e9 e como acontece?<\/span><\/a><\/li>\n<li style=\"font-weight: 400;\" aria-level=\"1\"><a href=\"https:\/\/www.carloszawitoski.com.br\/blog\/conheca-o-curso-de-ortopedia-para-peritos-e-medicos-do-trabalho-da-carlos-zawitoski\/\"><span style=\"font-weight: 400;\">Conhe\u00e7a o Curso de Ortopedia para Peritos e M\u00e9dicos do Trabalho da Carlos Zawitoski<\/span><\/a><\/li>\n<li style=\"font-weight: 400;\" aria-level=\"1\"><a href=\"https:\/\/www.carloszawitoski.com.br\/blog\/o-medico-perito-tem-sempre-que-evoluir-e-o-medico-do-trabalho-aprender-a-confrontar\/\"><span style=\"font-weight: 400;\">O m\u00e9dico perito tem sempre que evoluir e o m\u00e9dico do trabalho aprender a confrontar<\/span><\/a><\/li>\n<\/ul>\n<p><span style=\"font-weight: 400;\">N\u00e3o encontrou o que estava procurando? Deixe a sua d\u00favida ou sugest\u00e3o de conte\u00fado na aba de coment\u00e1rios a seguir. At\u00e9 a pr\u00f3xima!<\/span><\/p>\n","protected":false},"excerpt":{"rendered":"<p><span class=\"rt-reading-time\" style=\"display: block;\"><span class=\"rt-label rt-prefix\">Tempo de leitura<\/span> <span class=\"rt-time\">5<\/span> <span class=\"rt-label rt-postfix\">minutos<\/span><\/span> A per\u00edcia trabalhista pode levantar d\u00favidas tanto de empregadores quanto de empregados. Saiba mais sobre ela, a seguir.\u00a0 Apesar de ser considerado um important\u00edssimo instrumento para decidir causas judiciais trabalhistas, nem todo\u00a0mundo sabe do que se trata uma per\u00edcia trabalhista&#8230;<\/p>\n","protected":false},"author":1,"featured_media":2678,"comment_status":"open","ping_status":"open","sticky":false,"template":"","format":"standard","meta":[],"categories":[645],"tags":[651,652,654,140,221,222,365,366,653,646,647,650,130,648,649,682,661,658,676,667,655,683,662,659,677,668,656,686,663,660,680,671,657,347,170,160,675,666,345,318,309,673,576,300,346,319,310,674,665,301,150,681,389,381,672,664,373,684,390,382,678,669,374,685,428,423,4583,4586,679,4587,670,4584,4585,2198,418,2204],"yoast_head":"<!-- This site is optimized with the Yoast SEO plugin v20.4 - https:\/\/yoast.com\/wordpress\/plugins\/seo\/ -->\n<title>Per\u00edcia trabalhista: saiba tudo sobre quando e como realiz\u00e1-la - Carlos Zawitoski<\/title>\n<meta name=\"description\" content=\"A per\u00edcia trabalhista pode levantar d\u00favidas tanto de empregadores quanto de empregados. Saiba mais sobre ela, a seguir.\u00a0\u00a0\" \/>\n<meta name=\"robots\" content=\"index, follow, max-snippet:-1, max-image-preview:large, max-video-preview:-1\" \/>\n<link rel=\"canonical\" href=\"https:\/\/www.carloszawitoski.com.br\/blog\/pericia-trabalhista-saiba-quando-deve-ser-realizada\/\" \/>\n<meta property=\"og:locale\" content=\"pt_BR\" \/>\n<meta property=\"og:type\" content=\"article\" \/>\n<meta property=\"og:title\" content=\"Per\u00edcia trabalhista: saiba tudo sobre quando e como realiz\u00e1-la - Carlos Zawitoski\" \/>\n<meta property=\"og:description\" content=\"A per\u00edcia trabalhista pode levantar d\u00favidas tanto de empregadores quanto de empregados. Saiba mais sobre ela, a seguir.\u00a0\u00a0\" \/>\n<meta property=\"og:url\" content=\"https:\/\/www.carloszawitoski.com.br\/blog\/pericia-trabalhista-saiba-quando-deve-ser-realizada\/\" \/>\n<meta property=\"og:site_name\" content=\"Carlos Zawitoski\" \/>\n<meta property=\"article:published_time\" content=\"2025-04-29T07:57:27+00:00\" \/>\n<meta property=\"article:modified_time\" content=\"2025-04-29T11:36:37+00:00\" \/>\n<meta property=\"og:image\" content=\"http:\/\/www.carloszawitoski.com.br\/blog\/wp-content\/uploads\/2023\/05\/pericia-trabalhista-1.jpg\" \/>\n\t<meta property=\"og:image:width\" content=\"626\" \/>\n\t<meta property=\"og:image:height\" content=\"352\" \/>\n\t<meta property=\"og:image:type\" content=\"image\/jpeg\" \/>\n<meta name=\"author\" content=\"wp.zawitoski\" \/>\n<meta name=\"twitter:card\" content=\"summary_large_image\" \/>\n<meta name=\"twitter:label1\" content=\"Escrito por\" \/>\n\t<meta name=\"twitter:data1\" content=\"wp.zawitoski\" \/>\n\t<meta name=\"twitter:label2\" content=\"Est. tempo de leitura\" \/>\n\t<meta name=\"twitter:data2\" content=\"6 minutos\" \/>\n<script type=\"application\/ld+json\" class=\"yoast-schema-graph\">{\"@context\":\"https:\/\/schema.org\",\"@graph\":[{\"@type\":\"Article\",\"@id\":\"https:\/\/www.carloszawitoski.com.br\/blog\/pericia-trabalhista-saiba-quando-deve-ser-realizada\/#article\",\"isPartOf\":{\"@id\":\"https:\/\/www.carloszawitoski.com.br\/blog\/pericia-trabalhista-saiba-quando-deve-ser-realizada\/\"},\"author\":{\"name\":\"wp.zawitoski\",\"@id\":\"https:\/\/www.carloszawitoski.com.br\/blog\/#\/schema\/person\/557921c2640122f6b804f072e5a43c74\"},\"headline\":\"Per\u00edcia trabalhista: saiba tudo sobre quando e como realiz\u00e1-la\",\"datePublished\":\"2025-04-29T07:57:27+00:00\",\"dateModified\":\"2025-04-29T11:36:37+00:00\",\"mainEntityOfPage\":{\"@id\":\"https:\/\/www.carloszawitoski.com.br\/blog\/pericia-trabalhista-saiba-quando-deve-ser-realizada\/\"},\"wordCount\":1024,\"commentCount\":0,\"publisher\":{\"@id\":\"https:\/\/www.carloszawitoski.com.br\/blog\/#organization\"},\"keywords\":[\"empresa de Per\u00edcia de insalubridade\",\"empresa de Per\u00edcia de periculosidade\",\"empresa de Per\u00edcia do trabalho\",\"empresa de per\u00edcia m\u00e9dica\",\"empresa de per\u00edcia m\u00e9dica ortopedia\",\"empresa de per\u00edcia m\u00e9dica ortop\u00e9dica\",\"empresa de per\u00edcia ortopedia\",\"empresa de per\u00edcia ortop\u00e9dica\",\"empresa de Per\u00edcia trabalhista\",\"onde encontrar Per\u00edcia de insalubridade\",\"onde encontrar Per\u00edcia de periculosidade\",\"onde encontrar Per\u00edcia do trabalho\",\"onde encontrar per\u00edcia m\u00e9dica\",\"onde encontrar P\u00e9ricia ortop\u00e9dica\",\"onde encontrar Per\u00edcia trabalhista\",\"Per\u00edcia de insalubridade em promo\u00e7\u00e3o\",\"Per\u00edcia de insalubridade em s\u00e3o paulo\",\"Per\u00edcia de insalubridade em sp\",\"Per\u00edcia de insalubridade na Vila Cordeiro\",\"Per\u00edcia de insalubridade na Zona Sul\",\"Per\u00edcia de insalubridade pre\u00e7o\",\"Per\u00edcia de periculosidade em promo\u00e7\u00e3o\",\"Per\u00edcia de periculosidade em s\u00e3o paulo\",\"Per\u00edcia de periculosidade em sp\",\"Per\u00edcia de periculosidade na Vila Cordeiro\",\"Per\u00edcia de periculosidade na Zona Sul\",\"Per\u00edcia de periculosidade pre\u00e7o\",\"Per\u00edcia do trabalho em promo\u00e7\u00e3o\",\"Per\u00edcia do trabalho em s\u00e3o paulo\",\"Per\u00edcia do trabalho em sp\",\"Per\u00edcia do trabalho na Vila Cordeiro\",\"Per\u00edcia do trabalho na Zona Sul\",\"Per\u00edcia do trabalho pre\u00e7o\",\"per\u00edcia m\u00e9dica em promo\u00e7\u00e3o\",\"per\u00edcia m\u00e9dica em s\u00e3o paulo\",\"per\u00edcia m\u00e9dica em sp\",\"Per\u00edcia m\u00e9dica na Vila Cordeiro\",\"Per\u00edcia m\u00e9dica na Zona Sul\",\"per\u00edcia m\u00e9dica ortopedia em promo\u00e7\u00e3o\",\"per\u00edcia m\u00e9dica ortopedia em s\u00e3o paulo\",\"per\u00edcia m\u00e9dica ortopedia em sp\",\"Per\u00edcia m\u00e9dica ortopedia na Vila Cordeiro\",\"Per\u00edcia m\u00e9dica ortopedia na Zona Sul\",\"per\u00edcia m\u00e9dica ortopedia pre\u00e7o\",\"per\u00edcia m\u00e9dica ortop\u00e9dica em promo\u00e7\u00e3o\",\"per\u00edcia m\u00e9dica ortop\u00e9dica em s\u00e3o paulo\",\"per\u00edcia m\u00e9dica ortop\u00e9dica em sp\",\"Per\u00edcia m\u00e9dica ortop\u00e9dica na Vila Cordeiro\",\"Per\u00edcia m\u00e9dica ortop\u00e9dica na Zona Sul\",\"per\u00edcia m\u00e9dica ortop\u00e9dica pre\u00e7o\",\"per\u00edcia m\u00e9dica pre\u00e7o\",\"Per\u00edcia ortopedia em promo\u00e7\u00e3o\",\"per\u00edcia ortopedia em s\u00e3o paulo\",\"per\u00edcia ortopedia em sp\",\"Per\u00edcia ortopedia na Vila Cordeiro\",\"Per\u00edcia ortopedia na Zona Sul\",\"per\u00edcia ortopedia pre\u00e7o\",\"P\u00e9ricia ortop\u00e9dica em promo\u00e7\u00e3o\",\"per\u00edcia ortop\u00e9dica em s\u00e3o paulo\",\"per\u00edcia ortop\u00e9dica em sp\",\"P\u00e9ricia ortop\u00e9dica na Vila Cordeiro\",\"P\u00e9ricia ortop\u00e9dica na Zona Sul\",\"per\u00edcia ortop\u00e9dica pre\u00e7o\",\"Per\u00edcia trabalhista em promo\u00e7\u00e3o\",\"Per\u00edcia trabalhista em s\u00e3o paulo\",\"Per\u00edcia trabalhista em sp\",\"per\u00edcia trabalhista na Ch\u00e1cara Santo Ant\u00f4nio\",\"per\u00edcia trabalhista na Cidade Mon\u00e7\u00f5es\",\"Per\u00edcia trabalhista na Vila Cordeiro\",\"per\u00edcia trabalhista na Vila Gertrudes\",\"Per\u00edcia trabalhista na Zona Sul\",\"per\u00edcia trabalhista no Brooklin\",\"per\u00edcia trabalhista no Jardim das Ac\u00e1cias\",\"per\u00edcia trabalhista perto de mim\",\"Per\u00edcia trabalhista pre\u00e7o\",\"per\u00edcia trabalhista pr\u00f3ximo a mim\"],\"articleSection\":[\"Per\u00edcia trabalhista\"],\"inLanguage\":\"pt-BR\",\"potentialAction\":[{\"@type\":\"CommentAction\",\"name\":\"Comment\",\"target\":[\"https:\/\/www.carloszawitoski.com.br\/blog\/pericia-trabalhista-saiba-quando-deve-ser-realizada\/#respond\"]}]},{\"@type\":\"WebPage\",\"@id\":\"https:\/\/www.carloszawitoski.com.br\/blog\/pericia-trabalhista-saiba-quando-deve-ser-realizada\/\",\"url\":\"https:\/\/www.carloszawitoski.com.br\/blog\/pericia-trabalhista-saiba-quando-deve-ser-realizada\/\",\"name\":\"Per\u00edcia trabalhista: saiba tudo sobre quando e como realiz\u00e1-la - Carlos Zawitoski\",\"isPartOf\":{\"@id\":\"https:\/\/www.carloszawitoski.com.br\/blog\/#website\"},\"datePublished\":\"2025-04-29T07:57:27+00:00\",\"dateModified\":\"2025-04-29T11:36:37+00:00\",\"description\":\"A per\u00edcia trabalhista pode levantar d\u00favidas tanto de empregadores quanto de empregados. Saiba mais sobre ela, a seguir.\u00a0\u00a0\",\"breadcrumb\":{\"@id\":\"https:\/\/www.carloszawitoski.com.br\/blog\/pericia-trabalhista-saiba-quando-deve-ser-realizada\/#breadcrumb\"},\"inLanguage\":\"pt-BR\",\"potentialAction\":[{\"@type\":\"ReadAction\",\"target\":[\"https:\/\/www.carloszawitoski.com.br\/blog\/pericia-trabalhista-saiba-quando-deve-ser-realizada\/\"]}]},{\"@type\":\"BreadcrumbList\",\"@id\":\"https:\/\/www.carloszawitoski.com.br\/blog\/pericia-trabalhista-saiba-quando-deve-ser-realizada\/#breadcrumb\",\"itemListElement\":[{\"@type\":\"ListItem\",\"position\":1,\"name\":\"In\u00edcio\",\"item\":\"https:\/\/www.carloszawitoski.com.br\/blog\/\"},{\"@type\":\"ListItem\",\"position\":2,\"name\":\"Per\u00edcia trabalhista: saiba tudo sobre quando e como realiz\u00e1-la\"}]},{\"@type\":\"WebSite\",\"@id\":\"https:\/\/www.carloszawitoski.com.br\/blog\/#website\",\"url\":\"https:\/\/www.carloszawitoski.com.br\/blog\/\",\"name\":\"Carlos Zawitoski\",\"description\":\"Per\u00edcia M\u00e9dica\",\"publisher\":{\"@id\":\"https:\/\/www.carloszawitoski.com.br\/blog\/#organization\"},\"potentialAction\":[{\"@type\":\"SearchAction\",\"target\":{\"@type\":\"EntryPoint\",\"urlTemplate\":\"https:\/\/www.carloszawitoski.com.br\/blog\/?s={search_term_string}\"},\"query-input\":\"required name=search_term_string\"}],\"inLanguage\":\"pt-BR\"},{\"@type\":\"Organization\",\"@id\":\"https:\/\/www.carloszawitoski.com.br\/blog\/#organization\",\"name\":\"Carlos Zawitoski\",\"url\":\"https:\/\/www.carloszawitoski.com.br\/blog\/\",\"logo\":{\"@type\":\"ImageObject\",\"inLanguage\":\"pt-BR\",\"@id\":\"https:\/\/www.carloszawitoski.com.br\/blog\/#\/schema\/logo\/image\/\",\"url\":\"https:\/\/www.carloszawitoski.com.br\/blog\/wp-content\/uploads\/2023\/05\/logo-zawi.webp\",\"contentUrl\":\"https:\/\/www.carloszawitoski.com.br\/blog\/wp-content\/uploads\/2023\/05\/logo-zawi.webp\",\"width\":357,\"height\":216,\"caption\":\"Carlos Zawitoski\"},\"image\":{\"@id\":\"https:\/\/www.carloszawitoski.com.br\/blog\/#\/schema\/logo\/image\/\"}},{\"@type\":\"Person\",\"@id\":\"https:\/\/www.carloszawitoski.com.br\/blog\/#\/schema\/person\/557921c2640122f6b804f072e5a43c74\",\"name\":\"wp.zawitoski\",\"image\":{\"@type\":\"ImageObject\",\"inLanguage\":\"pt-BR\",\"@id\":\"https:\/\/www.carloszawitoski.com.br\/blog\/#\/schema\/person\/image\/\",\"url\":\"https:\/\/secure.gravatar.com\/avatar\/fa4a09d6f34002223b78ed431bcdd00d?s=96&d=mm&r=g\",\"contentUrl\":\"https:\/\/secure.gravatar.com\/avatar\/fa4a09d6f34002223b78ed431bcdd00d?s=96&d=mm&r=g\",\"caption\":\"wp.zawitoski\"},\"url\":\"https:\/\/www.carloszawitoski.com.br\/blog\/author\/wp-zawitoski\/\"}]}<\/script>\n<!-- \/ Yoast SEO plugin. -->","yoast_head_json":{"title":"Per\u00edcia trabalhista: saiba tudo sobre quando e como realiz\u00e1-la - Carlos Zawitoski","description":"A per\u00edcia trabalhista pode levantar d\u00favidas tanto de empregadores quanto de empregados. Saiba mais sobre ela, a seguir.\u00a0\u00a0","robots":{"index":"index","follow":"follow","max-snippet":"max-snippet:-1","max-image-preview":"max-image-preview:large","max-video-preview":"max-video-preview:-1"},"canonical":"https:\/\/www.carloszawitoski.com.br\/blog\/pericia-trabalhista-saiba-quando-deve-ser-realizada\/","og_locale":"pt_BR","og_type":"article","og_title":"Per\u00edcia trabalhista: saiba tudo sobre quando e como realiz\u00e1-la - Carlos Zawitoski","og_description":"A per\u00edcia trabalhista pode levantar d\u00favidas tanto de empregadores quanto de empregados. Saiba mais sobre ela, a seguir.\u00a0\u00a0","og_url":"https:\/\/www.carloszawitoski.com.br\/blog\/pericia-trabalhista-saiba-quando-deve-ser-realizada\/","og_site_name":"Carlos Zawitoski","article_published_time":"2025-04-29T07:57:27+00:00","article_modified_time":"2025-04-29T11:36:37+00:00","og_image":[{"width":626,"height":352,"url":"http:\/\/www.carloszawitoski.com.br\/blog\/wp-content\/uploads\/2023\/05\/pericia-trabalhista-1.jpg","type":"image\/jpeg"}],"author":"wp.zawitoski","twitter_card":"summary_large_image","twitter_misc":{"Escrito por":"wp.zawitoski","Est. tempo de leitura":"6 minutos"},"schema":{"@context":"https:\/\/schema.org","@graph":[{"@type":"Article","@id":"https:\/\/www.carloszawitoski.com.br\/blog\/pericia-trabalhista-saiba-quando-deve-ser-realizada\/#article","isPartOf":{"@id":"https:\/\/www.carloszawitoski.com.br\/blog\/pericia-trabalhista-saiba-quando-deve-ser-realizada\/"},"author":{"name":"wp.zawitoski","@id":"https:\/\/www.carloszawitoski.com.br\/blog\/#\/schema\/person\/557921c2640122f6b804f072e5a43c74"},"headline":"Per\u00edcia trabalhista: saiba tudo sobre quando e como realiz\u00e1-la","datePublished":"2025-04-29T07:57:27+00:00","dateModified":"2025-04-29T11:36:37+00:00","mainEntityOfPage":{"@id":"https:\/\/www.carloszawitoski.com.br\/blog\/pericia-trabalhista-saiba-quando-deve-ser-realizada\/"},"wordCount":1024,"commentCount":0,"publisher":{"@id":"https:\/\/www.carloszawitoski.com.br\/blog\/#organization"},"keywords":["empresa de Per\u00edcia de insalubridade","empresa de Per\u00edcia de periculosidade","empresa de Per\u00edcia do trabalho","empresa de per\u00edcia m\u00e9dica","empresa de per\u00edcia m\u00e9dica ortopedia","empresa de per\u00edcia m\u00e9dica ortop\u00e9dica","empresa de per\u00edcia ortopedia","empresa de per\u00edcia ortop\u00e9dica","empresa de Per\u00edcia trabalhista","onde encontrar Per\u00edcia de insalubridade","onde encontrar Per\u00edcia de periculosidade","onde encontrar Per\u00edcia do trabalho","onde encontrar per\u00edcia m\u00e9dica","onde encontrar P\u00e9ricia ortop\u00e9dica","onde encontrar Per\u00edcia trabalhista","Per\u00edcia de insalubridade em promo\u00e7\u00e3o","Per\u00edcia de insalubridade em s\u00e3o paulo","Per\u00edcia de insalubridade em sp","Per\u00edcia de insalubridade na Vila Cordeiro","Per\u00edcia de insalubridade na Zona Sul","Per\u00edcia de insalubridade pre\u00e7o","Per\u00edcia de periculosidade em promo\u00e7\u00e3o","Per\u00edcia de periculosidade em s\u00e3o paulo","Per\u00edcia de periculosidade em sp","Per\u00edcia de periculosidade na Vila Cordeiro","Per\u00edcia de periculosidade na Zona Sul","Per\u00edcia de periculosidade pre\u00e7o","Per\u00edcia do trabalho em promo\u00e7\u00e3o","Per\u00edcia do trabalho em s\u00e3o paulo","Per\u00edcia do trabalho em sp","Per\u00edcia do trabalho na Vila Cordeiro","Per\u00edcia do trabalho na Zona Sul","Per\u00edcia do trabalho pre\u00e7o","per\u00edcia m\u00e9dica em promo\u00e7\u00e3o","per\u00edcia m\u00e9dica em s\u00e3o paulo","per\u00edcia m\u00e9dica em sp","Per\u00edcia m\u00e9dica na Vila Cordeiro","Per\u00edcia m\u00e9dica na Zona Sul","per\u00edcia m\u00e9dica ortopedia em promo\u00e7\u00e3o","per\u00edcia m\u00e9dica ortopedia em s\u00e3o paulo","per\u00edcia m\u00e9dica ortopedia em sp","Per\u00edcia m\u00e9dica ortopedia na Vila Cordeiro","Per\u00edcia m\u00e9dica ortopedia na Zona Sul","per\u00edcia m\u00e9dica ortopedia pre\u00e7o","per\u00edcia m\u00e9dica ortop\u00e9dica em promo\u00e7\u00e3o","per\u00edcia m\u00e9dica ortop\u00e9dica em s\u00e3o paulo","per\u00edcia m\u00e9dica ortop\u00e9dica em sp","Per\u00edcia m\u00e9dica ortop\u00e9dica na Vila Cordeiro","Per\u00edcia m\u00e9dica ortop\u00e9dica na Zona Sul","per\u00edcia m\u00e9dica ortop\u00e9dica pre\u00e7o","per\u00edcia m\u00e9dica pre\u00e7o","Per\u00edcia ortopedia em promo\u00e7\u00e3o","per\u00edcia ortopedia em s\u00e3o paulo","per\u00edcia ortopedia em sp","Per\u00edcia ortopedia na Vila Cordeiro","Per\u00edcia ortopedia na Zona Sul","per\u00edcia ortopedia pre\u00e7o","P\u00e9ricia ortop\u00e9dica em promo\u00e7\u00e3o","per\u00edcia ortop\u00e9dica em s\u00e3o paulo","per\u00edcia ortop\u00e9dica em sp","P\u00e9ricia ortop\u00e9dica na Vila Cordeiro","P\u00e9ricia ortop\u00e9dica na Zona Sul","per\u00edcia ortop\u00e9dica pre\u00e7o","Per\u00edcia trabalhista em promo\u00e7\u00e3o","Per\u00edcia trabalhista em s\u00e3o paulo","Per\u00edcia trabalhista em sp","per\u00edcia trabalhista na Ch\u00e1cara Santo Ant\u00f4nio","per\u00edcia trabalhista na Cidade Mon\u00e7\u00f5es","Per\u00edcia trabalhista na Vila Cordeiro","per\u00edcia trabalhista na Vila Gertrudes","Per\u00edcia trabalhista na Zona Sul","per\u00edcia trabalhista no Brooklin","per\u00edcia trabalhista no Jardim das Ac\u00e1cias","per\u00edcia trabalhista perto de mim","Per\u00edcia trabalhista pre\u00e7o","per\u00edcia trabalhista pr\u00f3ximo a mim"],"articleSection":["Per\u00edcia trabalhista"],"inLanguage":"pt-BR","potentialAction":[{"@type":"CommentAction","name":"Comment","target":["https:\/\/www.carloszawitoski.com.br\/blog\/pericia-trabalhista-saiba-quando-deve-ser-realizada\/#respond"]}]},{"@type":"WebPage","@id":"https:\/\/www.carloszawitoski.com.br\/blog\/pericia-trabalhista-saiba-quando-deve-ser-realizada\/","url":"https:\/\/www.carloszawitoski.com.br\/blog\/pericia-trabalhista-saiba-quando-deve-ser-realizada\/","name":"Per\u00edcia trabalhista: saiba tudo sobre quando e como realiz\u00e1-la - Carlos Zawitoski","isPartOf":{"@id":"https:\/\/www.carloszawitoski.com.br\/blog\/#website"},"datePublished":"2025-04-29T07:57:27+00:00","dateModified":"2025-04-29T11:36:37+00:00","description":"A per\u00edcia trabalhista pode levantar d\u00favidas tanto de empregadores quanto de empregados. Saiba mais sobre ela, a seguir.\u00a0\u00a0","breadcrumb":{"@id":"https:\/\/www.carloszawitoski.com.br\/blog\/pericia-trabalhista-saiba-quando-deve-ser-realizada\/#breadcrumb"},"inLanguage":"pt-BR","potentialAction":[{"@type":"ReadAction","target":["https:\/\/www.carloszawitoski.com.br\/blog\/pericia-trabalhista-saiba-quando-deve-ser-realizada\/"]}]},{"@type":"BreadcrumbList","@id":"https:\/\/www.carloszawitoski.com.br\/blog\/pericia-trabalhista-saiba-quando-deve-ser-realizada\/#breadcrumb","itemListElement":[{"@type":"ListItem","position":1,"name":"In\u00edcio","item":"https:\/\/www.carloszawitoski.com.br\/blog\/"},{"@type":"ListItem","position":2,"name":"Per\u00edcia trabalhista: saiba tudo sobre quando e como realiz\u00e1-la"}]},{"@type":"WebSite","@id":"https:\/\/www.carloszawitoski.com.br\/blog\/#website","url":"https:\/\/www.carloszawitoski.com.br\/blog\/","name":"Carlos Zawitoski","description":"Per\u00edcia M\u00e9dica","publisher":{"@id":"https:\/\/www.carloszawitoski.com.br\/blog\/#organization"},"potentialAction":[{"@type":"SearchAction","target":{"@type":"EntryPoint","urlTemplate":"https:\/\/www.carloszawitoski.com.br\/blog\/?s={search_term_string}"},"query-input":"required name=search_term_string"}],"inLanguage":"pt-BR"},{"@type":"Organization","@id":"https:\/\/www.carloszawitoski.com.br\/blog\/#organization","name":"Carlos Zawitoski","url":"https:\/\/www.carloszawitoski.com.br\/blog\/","logo":{"@type":"ImageObject","inLanguage":"pt-BR","@id":"https:\/\/www.carloszawitoski.com.br\/blog\/#\/schema\/logo\/image\/","url":"https:\/\/www.carloszawitoski.com.br\/blog\/wp-content\/uploads\/2023\/05\/logo-zawi.webp","contentUrl":"https:\/\/www.carloszawitoski.com.br\/blog\/wp-content\/uploads\/2023\/05\/logo-zawi.webp","width":357,"height":216,"caption":"Carlos Zawitoski"},"image":{"@id":"https:\/\/www.carloszawitoski.com.br\/blog\/#\/schema\/logo\/image\/"}},{"@type":"Person","@id":"https:\/\/www.carloszawitoski.com.br\/blog\/#\/schema\/person\/557921c2640122f6b804f072e5a43c74","name":"wp.zawitoski","image":{"@type":"ImageObject","inLanguage":"pt-BR","@id":"https:\/\/www.carloszawitoski.com.br\/blog\/#\/schema\/person\/image\/","url":"https:\/\/secure.gravatar.com\/avatar\/fa4a09d6f34002223b78ed431bcdd00d?s=96&d=mm&r=g","contentUrl":"https:\/\/secure.gravatar.com\/avatar\/fa4a09d6f34002223b78ed431bcdd00d?s=96&d=mm&r=g","caption":"wp.zawitoski"},"url":"https:\/\/www.carloszawitoski.com.br\/blog\/author\/wp-zawitoski\/"}]}},"_links":{"self":[{"href":"https:\/\/www.carloszawitoski.com.br\/blog\/wp-json\/wp\/v2\/posts\/2677"}],"collection":[{"href":"https:\/\/www.carloszawitoski.com.br\/blog\/wp-json\/wp\/v2\/posts"}],"about":[{"href":"https:\/\/www.carloszawitoski.com.br\/blog\/wp-json\/wp\/v2\/types\/post"}],"author":[{"embeddable":true,"href":"https:\/\/www.carloszawitoski.com.br\/blog\/wp-json\/wp\/v2\/users\/1"}],"replies":[{"embeddable":true,"href":"https:\/\/www.carloszawitoski.com.br\/blog\/wp-json\/wp\/v2\/comments?post=2677"}],"version-history":[{"count":5,"href":"https:\/\/www.carloszawitoski.com.br\/blog\/wp-json\/wp\/v2\/posts\/2677\/revisions"}],"predecessor-version":[{"id":3108,"href":"https:\/\/www.carloszawitoski.com.br\/blog\/wp-json\/wp\/v2\/posts\/2677\/revisions\/3108"}],"wp:featuredmedia":[{"embeddable":true,"href":"https:\/\/www.carloszawitoski.com.br\/blog\/wp-json\/wp\/v2\/media\/2678"}],"wp:attachment":[{"href":"https:\/\/www.carloszawitoski.com.br\/blog\/wp-json\/wp\/v2\/media?parent=2677"}],"wp:term":[{"taxonomy":"category","embeddable":true,"href":"https:\/\/www.carloszawitoski.com.br\/blog\/wp-json\/wp\/v2\/categories?post=2677"},{"taxonomy":"post_tag","embeddable":true,"href":"https:\/\/www.carloszawitoski.com.br\/blog\/wp-json\/wp\/v2\/tags?post=2677"}],"curies":[{"name":"wp","href":"https:\/\/api.w.org\/{rel}","templated":true}]}}