{"id":3022,"date":"2024-09-25T19:40:07","date_gmt":"2024-09-25T19:40:07","guid":{"rendered":"https:\/\/www.carloszawitoski.com.br\/blog\/?p=3022"},"modified":"2024-09-25T19:40:07","modified_gmt":"2024-09-25T19:40:07","slug":"crepitacao-femoropatelar-como-pode-estar-ligada-as-atividades-trabalhistas","status":"publish","type":"post","link":"https:\/\/www.carloszawitoski.com.br\/blog\/crepitacao-femoropatelar-como-pode-estar-ligada-as-atividades-trabalhistas\/","title":{"rendered":"Crepita\u00e7\u00e3o femoropatelar: como pode estar ligada \u00e0s atividades trabalhistas"},"content":{"rendered":"<span class=\"rt-reading-time\" style=\"display: block;\"><span class=\"rt-label rt-prefix\">Tempo de leitura<\/span> <span class=\"rt-time\">6<\/span> <span class=\"rt-label rt-postfix\">minutos<\/span><\/span><p><b><i>Entenda o que \u00e9 a crepita\u00e7\u00e3o femoropatelar, suas causas, sintomas e como pode estar ligada \u00e0s atividades trabalhistas. Veja tratamentos e direitos no INSS.<\/i><\/b><\/p>\n<p><span style=\"font-weight: 400;\">A <\/span><b>crepita\u00e7\u00e3o femoropatelar<\/b><span style=\"font-weight: 400;\"> \u00e9 uma condi\u00e7\u00e3o comum que<\/span><b> afeta a articula\u00e7\u00e3o do joelh<\/b><span style=\"font-weight: 400;\">o e pode gerar um inc\u00f4modo constante para quem a sofre. Embora muitas vezes seja considerada um barulho inofensivo, em alguns casos, <\/span><b>pode ser um sinal de uma condi\u00e7\u00e3o mais s\u00e9ria.<\/b><\/p>\n<p><span style=\"font-weight: 400;\">Esse problema \u00e9 particularmente relevante quando relacionado \u00e0s atividades laborais, principalmente aquelas que envolvem esfor\u00e7o f\u00edsico repetitivo ou posturas inadequadas.<\/span><\/p>\n<p><span style=\"font-weight: 400;\">Compreender essa condi\u00e7\u00e3o \u00e9 essencial, especialmente para profissionais que dependem da sa\u00fade f\u00edsica para realizar suas fun\u00e7\u00f5es. Neste artigo, vamos abordar o que \u00e9 a crepita\u00e7\u00e3o femoropatelar, suas causas e como ela pode impactar a vida profissional.<br \/>\n<\/span><\/p>\n<ul>\n<li class=\"entry-title\"><a href=\"https:\/\/www.carloszawitoski.com.br\/blog\/osteoporose-entenda-como-essa-doenca-afeta-os-trabalhadores\/\" rel=\"bookmark\">Osteoporose: Entenda como essa doen\u00e7a afeta os trabalhadores<\/a><\/li>\n<\/ul>\n<div id=\"ez-toc-container\" class=\"ez-toc-v2_0_68_1 counter-hierarchy ez-toc-counter ez-toc-white ez-toc-container-direction\">\n<div class=\"ez-toc-title-container\">\n<p class=\"ez-toc-title \" >LISTA DE T&Oacute;PICOS<\/p>\n<span class=\"ez-toc-title-toggle\"><a href=\"#\" class=\"ez-toc-pull-right ez-toc-btn ez-toc-btn-xs ez-toc-btn-default ez-toc-toggle\" aria-label=\"Toggle Table of Content\"><span class=\"ez-toc-js-icon-con\"><span class=\"\"><span class=\"eztoc-hide\" style=\"display:none;\">Toggle<\/span><span class=\"ez-toc-icon-toggle-span\"><svg style=\"fill: #999;color:#999\" xmlns=\"http:\/\/www.w3.org\/2000\/svg\" class=\"list-377408\" width=\"20px\" height=\"20px\" viewBox=\"0 0 24 24\" fill=\"none\"><path d=\"M6 6H4v2h2V6zm14 0H8v2h12V6zM4 11h2v2H4v-2zm16 0H8v2h12v-2zM4 16h2v2H4v-2zm16 0H8v2h12v-2z\" fill=\"currentColor\"><\/path><\/svg><svg style=\"fill: #999;color:#999\" class=\"arrow-unsorted-368013\" xmlns=\"http:\/\/www.w3.org\/2000\/svg\" width=\"10px\" height=\"10px\" viewBox=\"0 0 24 24\" version=\"1.2\" baseProfile=\"tiny\"><path d=\"M18.2 9.3l-6.2-6.3-6.2 6.3c-.2.2-.3.4-.3.7s.1.5.3.7c.2.2.4.3.7.3h11c.3 0 .5-.1.7-.3.2-.2.3-.5.3-.7s-.1-.5-.3-.7zM5.8 14.7l6.2 6.3 6.2-6.3c.2-.2.3-.5.3-.7s-.1-.5-.3-.7c-.2-.2-.4-.3-.7-.3h-11c-.3 0-.5.1-.7.3-.2.2-.3.5-.3.7s.1.5.3.7z\"\/><\/svg><\/span><\/span><\/span><\/a><\/span><\/div>\n<nav><ul class='ez-toc-list ez-toc-list-level-1 ' ><li class='ez-toc-page-1 ez-toc-heading-level-2'><a class=\"ez-toc-link ez-toc-heading-1\" href=\"https:\/\/www.carloszawitoski.com.br\/blog\/crepitacao-femoropatelar-como-pode-estar-ligada-as-atividades-trabalhistas\/#Barulho_no_joelho_o_que_pode_ser\" title=\"Barulho no joelho: o que pode ser?\">Barulho no joelho: o que pode ser?<\/a><ul class='ez-toc-list-level-3' ><li class='ez-toc-heading-level-3'><a class=\"ez-toc-link ez-toc-heading-2\" href=\"https:\/\/www.carloszawitoski.com.br\/blog\/crepitacao-femoropatelar-como-pode-estar-ligada-as-atividades-trabalhistas\/#Quando_o_barulho_no_joelho_e_preocupante\" title=\"Quando o barulho no joelho \u00e9 preocupante?\">Quando o barulho no joelho \u00e9 preocupante?<\/a><\/li><\/ul><\/li><li class='ez-toc-page-1 ez-toc-heading-level-2'><a class=\"ez-toc-link ez-toc-heading-3\" href=\"https:\/\/www.carloszawitoski.com.br\/blog\/crepitacao-femoropatelar-como-pode-estar-ligada-as-atividades-trabalhistas\/#Quais_sao_as_causas_e_sintomas_da_crepitacao_femoropatelar\" title=\"Quais s\u00e3o as causas e sintomas da crepita\u00e7\u00e3o femoropatelar?\">Quais s\u00e3o as causas e sintomas da crepita\u00e7\u00e3o femoropatelar?<\/a><\/li><li class='ez-toc-page-1 ez-toc-heading-level-2'><a class=\"ez-toc-link ez-toc-heading-4\" href=\"https:\/\/www.carloszawitoski.com.br\/blog\/crepitacao-femoropatelar-como-pode-estar-ligada-as-atividades-trabalhistas\/#Como_a_crepitacao_femoropatelar_pode_estar_ligada_as_atividades_trabalhistas\" title=\"Como a crepita\u00e7\u00e3o femoropatelar pode estar ligada \u00e0s atividades trabalhistas?\">Como a crepita\u00e7\u00e3o femoropatelar pode estar ligada \u00e0s atividades trabalhistas?<\/a><\/li><li class='ez-toc-page-1 ez-toc-heading-level-2'><a class=\"ez-toc-link ez-toc-heading-5\" href=\"https:\/\/www.carloszawitoski.com.br\/blog\/crepitacao-femoropatelar-como-pode-estar-ligada-as-atividades-trabalhistas\/#Tratamentos_para_a_dor_femoropatelar\" title=\"Tratamentos para a dor femoropatelar\">Tratamentos para a dor femoropatelar<\/a><\/li><li class='ez-toc-page-1 ez-toc-heading-level-2'><a class=\"ez-toc-link ez-toc-heading-6\" href=\"https:\/\/www.carloszawitoski.com.br\/blog\/crepitacao-femoropatelar-como-pode-estar-ligada-as-atividades-trabalhistas\/#Como_o_INSS_interpreta_o_laudo_de_dor_femoropatelar\" title=\"Como o INSS interpreta o laudo de dor femoropatelar\">Como o INSS interpreta o laudo de dor femoropatelar<\/a><\/li><li class='ez-toc-page-1 ez-toc-heading-level-2'><a class=\"ez-toc-link ez-toc-heading-7\" href=\"https:\/\/www.carloszawitoski.com.br\/blog\/crepitacao-femoropatelar-como-pode-estar-ligada-as-atividades-trabalhistas\/#A_importancia_de_tratar_a_crepitacao_femoropatelar_no_contexto_laboral\" title=\"A import\u00e2ncia de tratar a crepita\u00e7\u00e3o femoropatelar no contexto laboral\">A import\u00e2ncia de tratar a crepita\u00e7\u00e3o femoropatelar no contexto laboral<\/a><\/li><\/ul><\/nav><\/div>\n<h2><span class=\"ez-toc-section\" id=\"Barulho_no_joelho_o_que_pode_ser\"><\/span><span style=\"font-weight: 400;\">Barulho no joelho: o que pode ser?<\/span><span class=\"ez-toc-section-end\"><\/span><\/h2>\n<p><span style=\"font-weight: 400;\">O barulho no joelho, popularmente conhecido como <\/span><b>estalos ou crepita\u00e7\u00e3o<\/b><span style=\"font-weight: 400;\">, \u00e9 algo que quase todo mundo j\u00e1 experimentou. Em muitos casos, esses estalos ocorrem sem dor e <\/span><b>s\u00e3o resultado do atrito entre as estruturas internas da articula\u00e7\u00e3o<\/b><span style=\"font-weight: 400;\">, como tend\u00f5es e ligamentos. No entanto, quando o barulho \u00e9 constante e acompanhado de dor, pode indicar uma condi\u00e7\u00e3o mais s\u00e9ria.<\/span><\/p>\n<p><span style=\"font-weight: 400;\">A articula\u00e7\u00e3o <\/span><b>femoropatelar<\/b><span style=\"font-weight: 400;\">, localizada entre o f\u00eamur e a patela (o &#8220;osso do joelho&#8221;), \u00e9 uma das respons\u00e1veis por essa sensa\u00e7\u00e3o de barulho. Quando h\u00e1 desgaste ou desalinhamento dessa estrutura, pode ocorrer a crepita\u00e7\u00e3o, o que pode ser um sinal de alerta para doen\u00e7as como a <\/span><b>s\u00edndrome femoropatelar<\/b><span style=\"font-weight: 400;\">.<\/span><\/p>\n<h3><span class=\"ez-toc-section\" id=\"Quando_o_barulho_no_joelho_e_preocupante\"><\/span><span style=\"font-weight: 400;\">Quando o barulho no joelho \u00e9 preocupante?<\/span><span class=\"ez-toc-section-end\"><\/span><\/h3>\n<p><span style=\"font-weight: 400;\">Embora muitos dos estalos no joelho sejam normais, h\u00e1 momentos em que eles merecem aten\u00e7\u00e3o especial. Quando a crepita\u00e7\u00e3o vem acompanhada de <\/span><b>dor no joelho ao dobrar<\/b><span style=\"font-weight: 400;\">, <\/span><b>incha\u00e7o ou sensa\u00e7\u00e3o de instabilidade<\/b><span style=\"font-weight: 400;\">, pode ser um sinal de algo mais grave.<\/span><\/p>\n<p><span style=\"font-weight: 400;\">A persist\u00eancia desses sintomas, <\/span><b>especialmente em pessoas que realizam atividades f\u00edsicas ou tarefas laborais extenuantes<\/b><span style=\"font-weight: 400;\">, pode indicar a necessidade de avalia\u00e7\u00e3o m\u00e9dica.<\/span><\/p>\n<p><span style=\"font-weight: 400;\">A <\/span><b>s\u00edndrome femoropatelar<\/b><span style=\"font-weight: 400;\"> \u00e9 uma das condi\u00e7\u00f5es frequentemente associadas \u00e0 <\/span><b>crepita\u00e7\u00e3o dolorosa<\/b><span style=\"font-weight: 400;\">. O desgaste da cartilagem que protege o joelho pode ser causado por v\u00e1rios fatores, desde m\u00e1 postura at\u00e9 movimentos repetitivos realizados no trabalho, especialmente em profiss\u00f5es que exigem muito dos joelhos.<\/span><\/p>\n<ul>\n<li class=\"entry-title\"><a href=\"https:\/\/www.carloszawitoski.com.br\/blog\/sindrome-do-piriforme-o-que-e-como-tratar-e-o-que-diz-a-lei\/\" rel=\"bookmark\">S\u00edndrome do piriforme: o que \u00e9, como tratar e o que diz a lei<\/a><\/li>\n<\/ul>\n<h2><span class=\"ez-toc-section\" id=\"Quais_sao_as_causas_e_sintomas_da_crepitacao_femoropatelar\"><\/span><span style=\"font-weight: 400;\">Quais s\u00e3o as causas e sintomas da crepita\u00e7\u00e3o femoropatelar?<\/span><span class=\"ez-toc-section-end\"><\/span><\/h2>\n<p><span style=\"font-weight: 400;\">Existem <\/span><b>diversas causas para a crepita\u00e7\u00e3o femoropatelar<\/b><span style=\"font-weight: 400;\">, muitas delas relacionadas ao desgaste da\u00a0<\/span><\/p>\n<p><img decoding=\"async\" loading=\"lazy\" class=\"size-medium wp-image-3024 alignright\" src=\"http:\/\/www.carloszawitoski.com.br\/blog\/wp-content\/uploads\/2024\/09\/2149252789-200x300.jpg\" alt=\"Crepita\u00e7\u00e3o femoropatelar: Como pode estar ligada \u00e0s atividades trabalhistas\n\" width=\"200\" height=\"300\" srcset=\"https:\/\/www.carloszawitoski.com.br\/blog\/wp-content\/uploads\/2024\/09\/2149252789-200x300.jpg 200w, https:\/\/www.carloszawitoski.com.br\/blog\/wp-content\/uploads\/2024\/09\/2149252789.jpg 668w\" sizes=\"(max-width: 200px) 100vw, 200px\" \/>cartilagem ou desalinhamento da articula\u00e7\u00e3o. Entre as causas mais comuns est\u00e3o:<\/p>\n<ul>\n<li style=\"font-weight: 400;\" aria-level=\"1\"><b>Atividades repetitivas<\/b><span style=\"font-weight: 400;\">: Movimentos constantes, como subir e descer escadas ou agachar-se repetidamente, podem aumentar o desgaste da cartilagem;\n<p><\/span><\/li>\n<li style=\"font-weight: 400;\" aria-level=\"1\"><b>M\u00e1 postura<\/b><span style=\"font-weight: 400;\">: Postura inadequada, seja no trabalho ou nas atividades cotidianas, pode agravar o desalinhamento da patela;\n<p><\/span><\/li>\n<li style=\"font-weight: 400;\" aria-level=\"1\"><b>Sobrepeso<\/b><span style=\"font-weight: 400;\">: O excesso de peso coloca maior press\u00e3o sobre as articula\u00e7\u00f5es, acelerando o desgaste;\n<p><\/span><\/li>\n<li style=\"font-weight: 400;\" aria-level=\"1\"><b>Traumas<\/b><span style=\"font-weight: 400;\">: Les\u00f5es anteriores, como fraturas ou luxa\u00e7\u00f5es, podem afetar o funcionamento normal da articula\u00e7\u00e3o.<\/span><\/li>\n<\/ul>\n<p><span style=\"font-weight: 400;\">Os sintomas incluem <\/span><b>dor ao dobrar o joelho<\/b><span style=\"font-weight: 400;\">, sensa\u00e7\u00e3o de rigidez e, claro, o <\/span><b>barulho no joelho<\/b><span style=\"font-weight: 400;\">. A dor pode variar de leve a intensa, e em casos avan\u00e7ados, a mobilidade pode ser severamente prejudicada.<\/span><\/p>\n<ul>\n<li class=\"entry-title\"><a href=\"https:\/\/www.carloszawitoski.com.br\/blog\/acrocianose-e-acroparestesia-as-doencas-ocultas-do-trabalho\/\" rel=\"bookmark\">Acrocianose e acroparestesia: As doen\u00e7as ocultas do trabalho<\/a><\/li>\n<\/ul>\n<h2><span class=\"ez-toc-section\" id=\"Como_a_crepitacao_femoropatelar_pode_estar_ligada_as_atividades_trabalhistas\"><\/span><span style=\"font-weight: 400;\">Como a crepita\u00e7\u00e3o femoropatelar pode estar ligada \u00e0s atividades trabalhistas?<\/span><span class=\"ez-toc-section-end\"><\/span><\/h2>\n<p><span style=\"font-weight: 400;\">A <\/span><b>crepita\u00e7\u00e3o femoropatelar<\/b> <b>pode estar diretamente relacionada \u00e0s atividades laborais,<\/b><span style=\"font-weight: 400;\"> especialmente em profiss\u00f5es que envolvem <\/span><b>esfor\u00e7o f\u00edsico, movimentos repetitivos ou longos per\u00edodos em p\u00e9<\/b><span style=\"font-weight: 400;\">.\u00a0<\/span><\/p>\n<p><span style=\"font-weight: 400;\">Trabalhadores da constru\u00e7\u00e3o civil, profissionais de sa\u00fade que passam muito tempo agachados, e at\u00e9 aqueles que ficam em posi\u00e7\u00f5es inadequadas por per\u00edodos prolongados, como os que trabalham em escrit\u00f3<\/span><\/p>\n<p><span style=\"font-weight: 400;\">rios, est\u00e3o <\/span><b>mais propensos <\/b><span style=\"font-weight: 400;\">a desenvolver essa condi\u00e7\u00e3o.<\/span><\/p>\n<p><span style=\"font-weight: 400;\">O u<\/span><b>so excessivo da articula\u00e7\u00e3o do joelho<\/b><span style=\"font-weight: 400;\"> em tarefas laborais pode acelerar o <\/span><b>desgaste da cartilagem femoropatelar<\/b><span style=\"font-weight: 400;\">. A aus\u00eancia de pausas e alongamentos adequados, somada ao esfor\u00e7o cont\u00ednuo, \u00e9 um dos fatores que agravam essa condi\u00e7\u00e3o.<\/span><\/p>\n<p><span style=\"font-weight: 400;\">Portanto, <\/span><b>empresas e empregadores precisam estar atentos \u00e0s condi\u00e7\u00f5es de trabalho que possam causar esse tipo de problema. <\/b><span style=\"font-weight: 400;\">Ergonomia, pausas regulares e o fornecimento de equipamentos de prote\u00e7\u00e3o, como joelheiras, podem ser essenciais para <\/span><b>evitar o agravamento da s\u00edndrome femoropatelar<\/b><span style=\"font-weight: 400;\"> e outras condi\u00e7\u00f5es associadas.<\/span><\/p>\n<ul>\n<li class=\"entry-title\"><a href=\"https:\/\/www.carloszawitoski.com.br\/blog\/quesitos-para-pericia-medica-em-ortopedia-aspectos-cruciais-na-avaliacao-do-paciente\/\" rel=\"bookmark\">Quesitos para per\u00edcia m\u00e9dica em ortopedia: aspectos cruciais na avalia\u00e7\u00e3o do paciente<\/a><\/li>\n<\/ul>\n<h2><span class=\"ez-toc-section\" id=\"Tratamentos_para_a_dor_femoropatelar\"><\/span><span style=\"font-weight: 400;\">Tratamentos para a dor femoropatelar<\/span><span class=\"ez-toc-section-end\"><\/span><\/h2>\n<p><span style=\"font-weight: 400;\">O tratamento para a dor femoropatelar <\/span><b>depende da gravidade da condi\u00e7\u00e3o<\/b><span style=\"font-weight: 400;\">. Nos <\/span><b>est\u00e1gios iniciais<\/b><span style=\"font-weight: 400;\">, a <\/span><b>reabilita\u00e7\u00e3o com exerc\u00edcios de fortalecimento e alongamento<\/b><span style=\"font-weight: 400;\"> dos m\u00fasculos ao redor do joelho pode ser muito eficaz. <\/span><b>Fisioterapia e o uso de medicamentos anti-inflamat\u00f3rios <\/b><span style=\"font-weight: 400;\">tamb\u00e9m s\u00e3o com<\/span><\/p>\n<p>umente recomendados.<\/p>\n<p><span style=\"font-weight: 400;\">Em<\/span><b> casos mais avan\u00e7ados<\/b><span style=\"font-weight: 400;\">, o m\u00e9dico pode sugerir tratamentos mais invasivos, como <\/span><b>infiltra\u00e7\u00f5es de corticosteroides<\/b><span style=\"font-weight: 400;\"> ou, em \u00faltima inst\u00e2ncia, uma <\/span><b>cirurgia <\/b><span style=\"font-weight: 400;\">para corrigir o desalinhamento ou reparar a cartilagem danificada.<\/span><\/p>\n<p><span style=\"font-weight: 400;\">Al\u00e9m disso, \u00e9 essencial ajustar as atividades laborais. Isso pode envolver a implementa\u00e7\u00e3o de <\/span><b>ergonomia<\/b><span style=\"font-weight: 400;\"> no ambiente de trabalho e a ado\u00e7\u00e3o de pausas regulares para reduzir o estresse nas articula\u00e7\u00f5es do joelho.<\/span><\/p>\n<ul>\n<li class=\"entry-title\"><a href=\"https:\/\/www.carloszawitoski.com.br\/blog\/impugnacao-de-laudo-pericial-o-que-e-e-como-acontece\/\" rel=\"bookmark\">Impugna\u00e7\u00e3o de laudo pericial: o que \u00e9 e como acontece?<\/a><\/li>\n<\/ul>\n<h2><span class=\"ez-toc-section\" id=\"Como_o_INSS_interpreta_o_laudo_de_dor_femoropatelar\"><\/span><span style=\"font-weight: 400;\">Como o INSS interpreta o laudo de dor femoropatelar<\/span><span class=\"ez-toc-section-end\"><\/span><\/h2>\n<p><span style=\"font-weight: 400;\">O <\/span><b>INSS<\/b><span style=\"font-weight: 400;\"> (Instituto Nacional do Seguro Social) considera a <\/span><b>dor femoropatelar<\/b><span style=\"font-weight: 400;\"> em suas avalia\u00e7\u00f5es d<\/span><\/p>\n<p><span>e incapacidade laboral. Se um trabalhador apresentar <\/span><b>um laudo ortop\u00e9dico que comprove que a condi\u00e7\u00e3o<\/b><span> interfere em sua capacidade de exercer suas fun\u00e7\u00f5es, ele pode ter direito a benef\u00edcios como o aux\u00edlio-doen\u00e7a.<\/span><\/p>\n<p><span style=\"font-weight: 400;\">Nas per\u00edcias ortop\u00e9dicas realizadas pelo INSS, o perito analisar\u00e1 a extens\u00e3o da les\u00e3o, o <\/span><b>impacto da dor no dia a dia do trabalhador e se a atividade laboral foi um fator contribuinte<\/b><span style=\"font-weight: 400;\"> para o surgimento ou agravamento da condi\u00e7\u00e3o.\u00a0<\/span><\/p>\n<p><span style=\"font-weight: 400;\">Profissionais que dependem muito da articula\u00e7\u00e3o do joelho em suas fun\u00e7\u00f5es, como pedreiros, pintores ou entregadores,<\/span><b> t\u00eam mais chances de conseguir o benef\u00edcio<\/b><span style=\"font-weight: 400;\"> se comprovarem que a condi\u00e7\u00e3o est\u00e1 diretamente relacionada ao trabalho.<\/span><\/p>\n<ul>\n<li class=\"entry-title\"><a href=\"https:\/\/www.carloszawitoski.com.br\/blog\/eletroneuromiografia-o-que-e-e-para-o-que-serve\/\" rel=\"bookmark\">Eletroneuromiografia: O que \u00e9 e para o que serve<\/a><\/li>\n<\/ul>\n<h2><span class=\"ez-toc-section\" id=\"A_importancia_de_tratar_a_crepitacao_femoropatelar_no_contexto_laboral\"><\/span><span style=\"font-weight: 400;\">A import\u00e2ncia de tratar a crepita\u00e7\u00e3o femoropatelar no contexto laboral<\/span><span class=\"ez-toc-section-end\"><\/span><\/h2>\n<p><span style=\"font-weight: 400;\">A <\/span><b>crepita\u00e7\u00e3o femoropatelar<\/b><span style=\"font-weight: 400;\"> pode parecer inofensiva no in\u00edcio, mas se n\u00e3o tratada, <\/span><b>pode evoluir para uma condi\u00e7\u00e3o incapacitante<\/b><span style=\"font-weight: 400;\">. No contexto laboral, essa condi\u00e7\u00e3o pode afetar gravemente a produtividade e a qualidade de vida dos trabalhadores. Empregadores <\/span><b>devem estar cientes dos riscos e adotar medidas preventivas<\/b><span style=\"font-weight: 400;\">, como treinamentos de ergonomia e a adapta\u00e7\u00e3o do ambiente de trabalho.<\/span><\/p>\n<p><span style=\"font-weight: 400;\">Se voc\u00ea est\u00e1 enfrentando <\/span><b>dor no joelho ao dobrar<\/b><span style=\"font-weight: 400;\"> ou percebe que o <\/span><b>barulho no joelho<\/b> <b>tem se tornado mais frequente e doloroso<\/b><span style=\"font-weight: 400;\">, \u00e9 crucial buscar atendimento m\u00e9dico e relatar sua situa\u00e7\u00e3o ao departamento de sa\u00fade ocupacional da empresa.<\/span><\/p>\n<p><span style=\"font-weight: 400;\">Precisa de profissionais especializados no assunto? <\/span><b>Conte com a Carlos Zawitoski, <\/b><span style=\"font-weight: 400;\">empresa focada em per\u00edcias, com know-how adquirido ao longo de vinte anos de atua\u00e7\u00e3o direta em processos judiciais das diversas comarcas distribu\u00eddas pelo pa\u00eds.<\/span><\/p>\n","protected":false},"excerpt":{"rendered":"<p><span class=\"rt-reading-time\" style=\"display: block;\"><span class=\"rt-label rt-prefix\">Tempo de leitura<\/span> <span class=\"rt-time\">6<\/span> <span class=\"rt-label rt-postfix\">minutos<\/span><\/span> Entenda o que \u00e9 a crepita\u00e7\u00e3o femoropatelar, suas causas, sintomas e como pode estar ligada \u00e0s atividades trabalhistas. Veja tratamentos e direitos no INSS. A crepita\u00e7\u00e3o femoropatelar \u00e9 uma condi\u00e7\u00e3o comum que afeta a articula\u00e7\u00e3o do joelho e pode gerar&#8230;<\/p>\n","protected":false},"author":1,"featured_media":3023,"comment_status":"open","ping_status":"open","sticky":false,"template":"","format":"standard","meta":[],"categories":[3878],"tags":[3168,3879,3902,3884,3889,3880,3883,3894,3892,3896,3165,3176,3882,3887,3885,3900,3891,3886,3899,3890,3888,3897,116,390,3893,3895,3898,3164,3881,3901],"yoast_head":"<!-- This site is optimized with the Yoast SEO plugin v20.4 - https:\/\/yoast.com\/wordpress\/plugins\/seo\/ -->\n<title>Crepita\u00e7\u00e3o femoropatelar: como pode estar ligada \u00e0s atividades trabalhistas - Carlos Zawitoski<\/title>\n<meta name=\"description\" content=\"Entenda o que \u00e9 a crepita\u00e7\u00e3o femoropatelar, suas causas, sintomas e como pode estar ligada \u00e0s atividades trabalhistas. Veja tratamentos e direitos no INSS.\" \/>\n<meta name=\"robots\" content=\"index, follow, max-snippet:-1, max-image-preview:large, max-video-preview:-1\" \/>\n<link rel=\"canonical\" href=\"https:\/\/www.carloszawitoski.com.br\/blog\/crepitacao-femoropatelar-como-pode-estar-ligada-as-atividades-trabalhistas\/\" \/>\n<meta property=\"og:locale\" content=\"pt_BR\" \/>\n<meta property=\"og:type\" content=\"article\" \/>\n<meta property=\"og:title\" content=\"Crepita\u00e7\u00e3o femoropatelar: como pode estar ligada \u00e0s atividades trabalhistas - Carlos Zawitoski\" \/>\n<meta property=\"og:description\" content=\"Entenda o que \u00e9 a crepita\u00e7\u00e3o femoropatelar, suas causas, sintomas e como pode estar ligada \u00e0s atividades trabalhistas. Veja tratamentos e direitos no INSS.\" \/>\n<meta property=\"og:url\" content=\"https:\/\/www.carloszawitoski.com.br\/blog\/crepitacao-femoropatelar-como-pode-estar-ligada-as-atividades-trabalhistas\/\" \/>\n<meta property=\"og:site_name\" content=\"Carlos Zawitoski\" \/>\n<meta property=\"article:published_time\" content=\"2024-09-25T19:40:07+00:00\" \/>\n<meta property=\"og:image\" content=\"http:\/\/www.carloszawitoski.com.br\/blog\/wp-content\/uploads\/2024\/09\/2148504533.jpg\" \/>\n\t<meta property=\"og:image:width\" content=\"1000\" \/>\n\t<meta property=\"og:image:height\" content=\"750\" \/>\n\t<meta property=\"og:image:type\" content=\"image\/jpeg\" \/>\n<meta name=\"author\" content=\"wp.zawitoski\" \/>\n<meta name=\"twitter:card\" content=\"summary_large_image\" \/>\n<meta name=\"twitter:label1\" content=\"Escrito por\" \/>\n\t<meta name=\"twitter:data1\" content=\"wp.zawitoski\" \/>\n\t<meta name=\"twitter:label2\" content=\"Est. tempo de leitura\" \/>\n\t<meta name=\"twitter:data2\" content=\"7 minutos\" \/>\n<script type=\"application\/ld+json\" class=\"yoast-schema-graph\">{\"@context\":\"https:\/\/schema.org\",\"@graph\":[{\"@type\":\"Article\",\"@id\":\"https:\/\/www.carloszawitoski.com.br\/blog\/crepitacao-femoropatelar-como-pode-estar-ligada-as-atividades-trabalhistas\/#article\",\"isPartOf\":{\"@id\":\"https:\/\/www.carloszawitoski.com.br\/blog\/crepitacao-femoropatelar-como-pode-estar-ligada-as-atividades-trabalhistas\/\"},\"author\":{\"name\":\"wp.zawitoski\",\"@id\":\"https:\/\/www.carloszawitoski.com.br\/blog\/#\/schema\/person\/557921c2640122f6b804f072e5a43c74\"},\"headline\":\"Crepita\u00e7\u00e3o femoropatelar: como pode estar ligada \u00e0s atividades trabalhistas\",\"datePublished\":\"2024-09-25T19:40:07+00:00\",\"dateModified\":\"2024-09-25T19:40:07+00:00\",\"mainEntityOfPage\":{\"@id\":\"https:\/\/www.carloszawitoski.com.br\/blog\/crepitacao-femoropatelar-como-pode-estar-ligada-as-atividades-trabalhistas\/\"},\"wordCount\":1195,\"commentCount\":0,\"publisher\":{\"@id\":\"https:\/\/www.carloszawitoski.com.br\/blog\/#organization\"},\"keywords\":[\"Articula\u00e7\u00e3o femoropatelar\",\"Barulho no joelho\",\"Benef\u00edcio INSS por dor no joelho\",\"Causas da crepita\u00e7\u00e3o femoropatelar\",\"Cirurgia para dor femoropatelar\",\"Crepita\u00e7\u00e3o femoropatelar\",\"Desgaste da articula\u00e7\u00e3o femoropatelar\",\"Diagn\u00f3stico de crepita\u00e7\u00e3o no joelho\",\"Doen\u00e7as da articula\u00e7\u00e3o femoropatelar\",\"Dor cr\u00f4nica no joelho\",\"Dor F\u00eamoropatelar\",\"Dor no joelho ao dobrar\",\"Dor no joelho no trabalho\",\"Dor patelofemoral\",\"Exames ortop\u00e9dicos S\u00e3o Paulo\",\"Exerc\u00edcios para dor femoropatelar\",\"Fisioterapia para dor no joelho\",\"Incha\u00e7o no joelho ao dobrar\",\"Joelho estalando o tempo todo\",\"Laudo m\u00e9dico ortop\u00e9dico\",\"Les\u00e3o femoropatelar\",\"Per\u00edcia INSS para dor no joelho\",\"per\u00edcia ortop\u00e9dica\",\"per\u00edcia ortop\u00e9dica em s\u00e3o paulo\",\"Problemas no joelho ao agachar\",\"Reabilita\u00e7\u00e3o femoropatelar\",\"S\u00edndrome do joelho de corredor\",\"S\u00edndrome F\u00eamoropatelar\",\"Tratamento dor femoropatelar\",\"Tratamento para barulho no joelho\"],\"articleSection\":[\"Crepita\u00e7\u00e3o femoropatelar\"],\"inLanguage\":\"pt-BR\",\"potentialAction\":[{\"@type\":\"CommentAction\",\"name\":\"Comment\",\"target\":[\"https:\/\/www.carloszawitoski.com.br\/blog\/crepitacao-femoropatelar-como-pode-estar-ligada-as-atividades-trabalhistas\/#respond\"]}]},{\"@type\":\"WebPage\",\"@id\":\"https:\/\/www.carloszawitoski.com.br\/blog\/crepitacao-femoropatelar-como-pode-estar-ligada-as-atividades-trabalhistas\/\",\"url\":\"https:\/\/www.carloszawitoski.com.br\/blog\/crepitacao-femoropatelar-como-pode-estar-ligada-as-atividades-trabalhistas\/\",\"name\":\"Crepita\u00e7\u00e3o femoropatelar: como pode estar ligada \u00e0s atividades trabalhistas - Carlos Zawitoski\",\"isPartOf\":{\"@id\":\"https:\/\/www.carloszawitoski.com.br\/blog\/#website\"},\"datePublished\":\"2024-09-25T19:40:07+00:00\",\"dateModified\":\"2024-09-25T19:40:07+00:00\",\"description\":\"Entenda o que \u00e9 a crepita\u00e7\u00e3o femoropatelar, suas causas, sintomas e como pode estar ligada \u00e0s atividades trabalhistas. Veja tratamentos e direitos no INSS.\",\"breadcrumb\":{\"@id\":\"https:\/\/www.carloszawitoski.com.br\/blog\/crepitacao-femoropatelar-como-pode-estar-ligada-as-atividades-trabalhistas\/#breadcrumb\"},\"inLanguage\":\"pt-BR\",\"potentialAction\":[{\"@type\":\"ReadAction\",\"target\":[\"https:\/\/www.carloszawitoski.com.br\/blog\/crepitacao-femoropatelar-como-pode-estar-ligada-as-atividades-trabalhistas\/\"]}]},{\"@type\":\"BreadcrumbList\",\"@id\":\"https:\/\/www.carloszawitoski.com.br\/blog\/crepitacao-femoropatelar-como-pode-estar-ligada-as-atividades-trabalhistas\/#breadcrumb\",\"itemListElement\":[{\"@type\":\"ListItem\",\"position\":1,\"name\":\"In\u00edcio\",\"item\":\"https:\/\/www.carloszawitoski.com.br\/blog\/\"},{\"@type\":\"ListItem\",\"position\":2,\"name\":\"Crepita\u00e7\u00e3o femoropatelar: como pode estar ligada \u00e0s atividades trabalhistas\"}]},{\"@type\":\"WebSite\",\"@id\":\"https:\/\/www.carloszawitoski.com.br\/blog\/#website\",\"url\":\"https:\/\/www.carloszawitoski.com.br\/blog\/\",\"name\":\"Carlos Zawitoski\",\"description\":\"Per\u00edcia M\u00e9dica\",\"publisher\":{\"@id\":\"https:\/\/www.carloszawitoski.com.br\/blog\/#organization\"},\"potentialAction\":[{\"@type\":\"SearchAction\",\"target\":{\"@type\":\"EntryPoint\",\"urlTemplate\":\"https:\/\/www.carloszawitoski.com.br\/blog\/?s={search_term_string}\"},\"query-input\":\"required name=search_term_string\"}],\"inLanguage\":\"pt-BR\"},{\"@type\":\"Organization\",\"@id\":\"https:\/\/www.carloszawitoski.com.br\/blog\/#organization\",\"name\":\"Carlos Zawitoski\",\"url\":\"https:\/\/www.carloszawitoski.com.br\/blog\/\",\"logo\":{\"@type\":\"ImageObject\",\"inLanguage\":\"pt-BR\",\"@id\":\"https:\/\/www.carloszawitoski.com.br\/blog\/#\/schema\/logo\/image\/\",\"url\":\"https:\/\/www.carloszawitoski.com.br\/blog\/wp-content\/uploads\/2023\/05\/logo-zawi.webp\",\"contentUrl\":\"https:\/\/www.carloszawitoski.com.br\/blog\/wp-content\/uploads\/2023\/05\/logo-zawi.webp\",\"width\":357,\"height\":216,\"caption\":\"Carlos Zawitoski\"},\"image\":{\"@id\":\"https:\/\/www.carloszawitoski.com.br\/blog\/#\/schema\/logo\/image\/\"}},{\"@type\":\"Person\",\"@id\":\"https:\/\/www.carloszawitoski.com.br\/blog\/#\/schema\/person\/557921c2640122f6b804f072e5a43c74\",\"name\":\"wp.zawitoski\",\"image\":{\"@type\":\"ImageObject\",\"inLanguage\":\"pt-BR\",\"@id\":\"https:\/\/www.carloszawitoski.com.br\/blog\/#\/schema\/person\/image\/\",\"url\":\"https:\/\/secure.gravatar.com\/avatar\/fa4a09d6f34002223b78ed431bcdd00d?s=96&d=mm&r=g\",\"contentUrl\":\"https:\/\/secure.gravatar.com\/avatar\/fa4a09d6f34002223b78ed431bcdd00d?s=96&d=mm&r=g\",\"caption\":\"wp.zawitoski\"},\"url\":\"https:\/\/www.carloszawitoski.com.br\/blog\/author\/wp-zawitoski\/\"}]}<\/script>\n<!-- \/ Yoast SEO plugin. -->","yoast_head_json":{"title":"Crepita\u00e7\u00e3o femoropatelar: como pode estar ligada \u00e0s atividades trabalhistas - Carlos Zawitoski","description":"Entenda o que \u00e9 a crepita\u00e7\u00e3o femoropatelar, suas causas, sintomas e como pode estar ligada \u00e0s atividades trabalhistas. Veja tratamentos e direitos no INSS.","robots":{"index":"index","follow":"follow","max-snippet":"max-snippet:-1","max-image-preview":"max-image-preview:large","max-video-preview":"max-video-preview:-1"},"canonical":"https:\/\/www.carloszawitoski.com.br\/blog\/crepitacao-femoropatelar-como-pode-estar-ligada-as-atividades-trabalhistas\/","og_locale":"pt_BR","og_type":"article","og_title":"Crepita\u00e7\u00e3o femoropatelar: como pode estar ligada \u00e0s atividades trabalhistas - Carlos Zawitoski","og_description":"Entenda o que \u00e9 a crepita\u00e7\u00e3o femoropatelar, suas causas, sintomas e como pode estar ligada \u00e0s atividades trabalhistas. Veja tratamentos e direitos no INSS.","og_url":"https:\/\/www.carloszawitoski.com.br\/blog\/crepitacao-femoropatelar-como-pode-estar-ligada-as-atividades-trabalhistas\/","og_site_name":"Carlos Zawitoski","article_published_time":"2024-09-25T19:40:07+00:00","og_image":[{"width":1000,"height":750,"url":"http:\/\/www.carloszawitoski.com.br\/blog\/wp-content\/uploads\/2024\/09\/2148504533.jpg","type":"image\/jpeg"}],"author":"wp.zawitoski","twitter_card":"summary_large_image","twitter_misc":{"Escrito por":"wp.zawitoski","Est. tempo de leitura":"7 minutos"},"schema":{"@context":"https:\/\/schema.org","@graph":[{"@type":"Article","@id":"https:\/\/www.carloszawitoski.com.br\/blog\/crepitacao-femoropatelar-como-pode-estar-ligada-as-atividades-trabalhistas\/#article","isPartOf":{"@id":"https:\/\/www.carloszawitoski.com.br\/blog\/crepitacao-femoropatelar-como-pode-estar-ligada-as-atividades-trabalhistas\/"},"author":{"name":"wp.zawitoski","@id":"https:\/\/www.carloszawitoski.com.br\/blog\/#\/schema\/person\/557921c2640122f6b804f072e5a43c74"},"headline":"Crepita\u00e7\u00e3o femoropatelar: como pode estar ligada \u00e0s atividades trabalhistas","datePublished":"2024-09-25T19:40:07+00:00","dateModified":"2024-09-25T19:40:07+00:00","mainEntityOfPage":{"@id":"https:\/\/www.carloszawitoski.com.br\/blog\/crepitacao-femoropatelar-como-pode-estar-ligada-as-atividades-trabalhistas\/"},"wordCount":1195,"commentCount":0,"publisher":{"@id":"https:\/\/www.carloszawitoski.com.br\/blog\/#organization"},"keywords":["Articula\u00e7\u00e3o femoropatelar","Barulho no joelho","Benef\u00edcio INSS por dor no joelho","Causas da crepita\u00e7\u00e3o femoropatelar","Cirurgia para dor femoropatelar","Crepita\u00e7\u00e3o femoropatelar","Desgaste da articula\u00e7\u00e3o femoropatelar","Diagn\u00f3stico de crepita\u00e7\u00e3o no joelho","Doen\u00e7as da articula\u00e7\u00e3o femoropatelar","Dor cr\u00f4nica no joelho","Dor F\u00eamoropatelar","Dor no joelho ao dobrar","Dor no joelho no trabalho","Dor patelofemoral","Exames ortop\u00e9dicos S\u00e3o Paulo","Exerc\u00edcios para dor femoropatelar","Fisioterapia para dor no joelho","Incha\u00e7o no joelho ao dobrar","Joelho estalando o tempo todo","Laudo m\u00e9dico ortop\u00e9dico","Les\u00e3o femoropatelar","Per\u00edcia INSS para dor no joelho","per\u00edcia ortop\u00e9dica","per\u00edcia ortop\u00e9dica em s\u00e3o paulo","Problemas no joelho ao agachar","Reabilita\u00e7\u00e3o femoropatelar","S\u00edndrome do joelho de corredor","S\u00edndrome F\u00eamoropatelar","Tratamento dor femoropatelar","Tratamento para barulho no joelho"],"articleSection":["Crepita\u00e7\u00e3o femoropatelar"],"inLanguage":"pt-BR","potentialAction":[{"@type":"CommentAction","name":"Comment","target":["https:\/\/www.carloszawitoski.com.br\/blog\/crepitacao-femoropatelar-como-pode-estar-ligada-as-atividades-trabalhistas\/#respond"]}]},{"@type":"WebPage","@id":"https:\/\/www.carloszawitoski.com.br\/blog\/crepitacao-femoropatelar-como-pode-estar-ligada-as-atividades-trabalhistas\/","url":"https:\/\/www.carloszawitoski.com.br\/blog\/crepitacao-femoropatelar-como-pode-estar-ligada-as-atividades-trabalhistas\/","name":"Crepita\u00e7\u00e3o femoropatelar: como pode estar ligada \u00e0s atividades trabalhistas - Carlos Zawitoski","isPartOf":{"@id":"https:\/\/www.carloszawitoski.com.br\/blog\/#website"},"datePublished":"2024-09-25T19:40:07+00:00","dateModified":"2024-09-25T19:40:07+00:00","description":"Entenda o que \u00e9 a crepita\u00e7\u00e3o femoropatelar, suas causas, sintomas e como pode estar ligada \u00e0s atividades trabalhistas. Veja tratamentos e direitos no INSS.","breadcrumb":{"@id":"https:\/\/www.carloszawitoski.com.br\/blog\/crepitacao-femoropatelar-como-pode-estar-ligada-as-atividades-trabalhistas\/#breadcrumb"},"inLanguage":"pt-BR","potentialAction":[{"@type":"ReadAction","target":["https:\/\/www.carloszawitoski.com.br\/blog\/crepitacao-femoropatelar-como-pode-estar-ligada-as-atividades-trabalhistas\/"]}]},{"@type":"BreadcrumbList","@id":"https:\/\/www.carloszawitoski.com.br\/blog\/crepitacao-femoropatelar-como-pode-estar-ligada-as-atividades-trabalhistas\/#breadcrumb","itemListElement":[{"@type":"ListItem","position":1,"name":"In\u00edcio","item":"https:\/\/www.carloszawitoski.com.br\/blog\/"},{"@type":"ListItem","position":2,"name":"Crepita\u00e7\u00e3o femoropatelar: como pode estar ligada \u00e0s atividades trabalhistas"}]},{"@type":"WebSite","@id":"https:\/\/www.carloszawitoski.com.br\/blog\/#website","url":"https:\/\/www.carloszawitoski.com.br\/blog\/","name":"Carlos Zawitoski","description":"Per\u00edcia M\u00e9dica","publisher":{"@id":"https:\/\/www.carloszawitoski.com.br\/blog\/#organization"},"potentialAction":[{"@type":"SearchAction","target":{"@type":"EntryPoint","urlTemplate":"https:\/\/www.carloszawitoski.com.br\/blog\/?s={search_term_string}"},"query-input":"required name=search_term_string"}],"inLanguage":"pt-BR"},{"@type":"Organization","@id":"https:\/\/www.carloszawitoski.com.br\/blog\/#organization","name":"Carlos Zawitoski","url":"https:\/\/www.carloszawitoski.com.br\/blog\/","logo":{"@type":"ImageObject","inLanguage":"pt-BR","@id":"https:\/\/www.carloszawitoski.com.br\/blog\/#\/schema\/logo\/image\/","url":"https:\/\/www.carloszawitoski.com.br\/blog\/wp-content\/uploads\/2023\/05\/logo-zawi.webp","contentUrl":"https:\/\/www.carloszawitoski.com.br\/blog\/wp-content\/uploads\/2023\/05\/logo-zawi.webp","width":357,"height":216,"caption":"Carlos Zawitoski"},"image":{"@id":"https:\/\/www.carloszawitoski.com.br\/blog\/#\/schema\/logo\/image\/"}},{"@type":"Person","@id":"https:\/\/www.carloszawitoski.com.br\/blog\/#\/schema\/person\/557921c2640122f6b804f072e5a43c74","name":"wp.zawitoski","image":{"@type":"ImageObject","inLanguage":"pt-BR","@id":"https:\/\/www.carloszawitoski.com.br\/blog\/#\/schema\/person\/image\/","url":"https:\/\/secure.gravatar.com\/avatar\/fa4a09d6f34002223b78ed431bcdd00d?s=96&d=mm&r=g","contentUrl":"https:\/\/secure.gravatar.com\/avatar\/fa4a09d6f34002223b78ed431bcdd00d?s=96&d=mm&r=g","caption":"wp.zawitoski"},"url":"https:\/\/www.carloszawitoski.com.br\/blog\/author\/wp-zawitoski\/"}]}},"_links":{"self":[{"href":"https:\/\/www.carloszawitoski.com.br\/blog\/wp-json\/wp\/v2\/posts\/3022"}],"collection":[{"href":"https:\/\/www.carloszawitoski.com.br\/blog\/wp-json\/wp\/v2\/posts"}],"about":[{"href":"https:\/\/www.carloszawitoski.com.br\/blog\/wp-json\/wp\/v2\/types\/post"}],"author":[{"embeddable":true,"href":"https:\/\/www.carloszawitoski.com.br\/blog\/wp-json\/wp\/v2\/users\/1"}],"replies":[{"embeddable":true,"href":"https:\/\/www.carloszawitoski.com.br\/blog\/wp-json\/wp\/v2\/comments?post=3022"}],"version-history":[{"count":1,"href":"https:\/\/www.carloszawitoski.com.br\/blog\/wp-json\/wp\/v2\/posts\/3022\/revisions"}],"predecessor-version":[{"id":3025,"href":"https:\/\/www.carloszawitoski.com.br\/blog\/wp-json\/wp\/v2\/posts\/3022\/revisions\/3025"}],"wp:featuredmedia":[{"embeddable":true,"href":"https:\/\/www.carloszawitoski.com.br\/blog\/wp-json\/wp\/v2\/media\/3023"}],"wp:attachment":[{"href":"https:\/\/www.carloszawitoski.com.br\/blog\/wp-json\/wp\/v2\/media?parent=3022"}],"wp:term":[{"taxonomy":"category","embeddable":true,"href":"https:\/\/www.carloszawitoski.com.br\/blog\/wp-json\/wp\/v2\/categories?post=3022"},{"taxonomy":"post_tag","embeddable":true,"href":"https:\/\/www.carloszawitoski.com.br\/blog\/wp-json\/wp\/v2\/tags?post=3022"}],"curies":[{"name":"wp","href":"https:\/\/api.w.org\/{rel}","templated":true}]}}